[{"@context":"https:\/\/schema.org\/","@type":"Article","@id":"https:\/\/www.comito.cz\/pujcovna-dodavek-praha-vas-zve-na-kladensko\/#Article","mainEntityOfPage":"https:\/\/www.comito.cz\/pujcovna-dodavek-praha-vas-zve-na-kladensko\/","headline":"P\u016fj\u010dovna dod\u00e1vek Praha v\u00e1s zve na Kladensko","name":"P\u016fj\u010dovna dod\u00e1vek Praha v\u00e1s zve na Kladensko","description":"P\u016fj\u010dovny dod\u00e1vek Praha pronaj\u00edmaj\u00ed vozy pro p\u0159ev\u00e1\u017een\u00ed n\u00e1kladu stavebn\u00edho materi\u00e1lu, n\u00e1bytku, dom\u00e1c\u00edch spot\u0159ebi\u010d\u016f, ale t\u0159eba i aran\u017e\u00e9rsk\u00fdch pom\u016fcek pro organizov\u00e1n\u00ed&hellip;","datePublished":"2021-03-15","dateModified":"2023-05-06","author":{"@type":"Person","@id":"https:\/\/www.comito.cz\/author\/#Person","name":"","url":"https:\/\/www.comito.cz\/author\/","identifier":1,"image":{"@type":"ImageObject","@id":"https:\/\/secure.gravatar.com\/avatar\/f677d652d46d6437b40497bee38030612d53a3103b24904f519be33cae485306?s=96&d=mm&r=g","url":"https:\/\/secure.gravatar.com\/avatar\/f677d652d46d6437b40497bee38030612d53a3103b24904f519be33cae485306?s=96&d=mm&r=g","height":96,"width":96}},"publisher":{"@type":"Organization","name":"comito.cz","logo":{"@type":"ImageObject","@id":"\/logo.png","url":"\/logo.png","width":600,"height":60}},"image":{"@type":"ImageObject","@id":"https:\/\/www.comito.cz\/wp-content\/uploads\/z%C3%A1mek%20L%C3%A1ny.jpg","url":"https:\/\/www.comito.cz\/wp-content\/uploads\/z%C3%A1mek%20L%C3%A1ny.jpg","height":0,"width":0},"url":"https:\/\/www.comito.cz\/pujcovna-dodavek-praha-vas-zve-na-kladensko\/","about":["Podnik\u00e1n\u00ed"],"wordCount":525,"articleBody":"P\u016fj\u010dovny dod\u00e1vek Praha pronaj\u00edmaj\u00ed vozy pro p\u0159ev\u00e1\u017een\u00ed n\u00e1kladu stavebn\u00edho materi\u00e1lu, n\u00e1bytku, dom\u00e1c\u00edch spot\u0159ebi\u010d\u016f, ale t\u0159eba i aran\u017e\u00e9rsk\u00fdch pom\u016fcek pro organizov\u00e1n\u00ed v\u00fdstav a vernis\u00e1\u017e\u00ed, prezentac\u00ed projekt\u016f anebo pro r\u016fzn\u00e9 spole\u010densk\u00e9 akce, m\u00edtinky, firemn\u00ed br\u00edfinky, oslavy, a dokonce i svatby. V\u00fdjimkou nejsou ani v\u00fdjezdy skupin nad\u0161enc\u016f na dovolenou \u010di na krat\u0161\u00ed nap\u0159. v\u00edkendov\u00e9 v\u00fdlety.V souvislosti se sou\u010dasnou pandemickou situac\u00ed lze o\u010dek\u00e1vat, \u017ee mezi lidmi poroste z\u00e1jem o vlastn\u00ed organizov\u00e1n\u00ed voln\u00e9ho \u010dasu, bez z\u00e1\u0161tity cestovn\u00edch kancel\u00e1\u0159\u00ed, tedy nap\u0159. o pron\u00e1jmy velk\u00fdch horsk\u00fdch chalup, soukrom\u00fdch penzion\u016f pro v\u00edce rodin, kde se d\u00e1 v okol\u00ed jezdit na kole anebo podnikat p\u011b\u0161\u00ed v\u00fdlety.Takov\u00fdch ter\u00e9n\u016f je u n\u00e1s po\u017eehnan\u011b, sta\u010d\u00ed otev\u0159\u00edt libovoln\u00e9ho turistick\u00e9ho pr\u016fvodce, a m\u016f\u017ee b\u00fdt t\u0159eba i star\u0161\u00edho data, anebo zalistovat v pap\u00edrov\u00e9 map\u011b, p\u0159\u00edpadn\u011b v map\u011b internetov\u00e9 a m\u00e1te p\u0159ed sebou za malou chv\u00edli pl\u00e1n na voln\u00e9 dny velmi atraktivn\u00ed, poutav\u00fd, a mo\u017en\u00e1 i v romantick\u00e9m duchu. Kladensko \u2013 to nen\u00ed omamn\u00e1 v\u016fn\u011b vysok\u00fdch pec\u00edKladno je vyhl\u00e1\u0161en\u00e1 pr\u016fmyslov\u00e1 oblast zpracov\u00e1n\u00ed \u017eelezn\u00e9 rudy, ocel\u00e1rny tu byly v provozu ji\u017e ke konci 19. Stolet\u00ed a je\u0161t\u011b ned\u00e1vno se tu t\u011b\u017eilo \u010dern\u00e9 uhl\u00ed. Ov\u0161em posledn\u00ed uhl\u00ed tu bylo vyt\u011b\u017eeno v roce 2002 a sl\u00e1va ocel\u00e1ren Poldi pohasla ji\u017e p\u0159ed mnoha lety, a zda se tu obnov\u00ed provoz alespo\u0148 v polovi\u010dn\u00edm rozsahu, nedok\u00e1\u017ee nikdo odhadnout.Ji\u017e d\u00e1vno tedy neplat\u00ed, \u017ee je tu \u0161patn\u00fd vzduch, oxid si\u0159i\u010dit\u00fd a spad pr\u016fmyslov\u00e9ho pop\u00edlku, dnes se sem m\u016f\u017eete s pronajatou dod\u00e1vkou sm\u011ble vydat a obdivovat p\u0159edev\u0161\u00edm kr\u00e1sy okoln\u00ed p\u0159\u00edrody. \u017de m\u00e1 Kladno n\u011bjakou zaj\u00edmavou p\u0159\u00edrodu? Posu\u010fte sami:Aeroklub Velk\u00e1 Dobr\u00e1 a bl\u00edzk\u00e1 rozhledna Ko\u017eova hora \u2013 jedno z nejkr\u00e1sn\u011bj\u0161\u00edch m\u00edst ve St\u0159edo\u010desk\u00e9m kraji.L\u00e1nsk\u00e1 obora \u2013 z\u00e1mek je s\u00eddlem prezidenta republiky dodnes. Vedou tudy p\u0159ehledn\u00e9 cyklostezky a s dod\u00e1vkou se tu m\u016f\u017eete ubytovat v n\u011bkter\u00e9m ze soukrom\u00fdch penzion\u016f.Hrad K\u0159ivokl\u00e1t \u2013 a spolu s n\u00edm romantick\u00e1 rekrea\u010dn\u00ed oblast na Berounce \u2013 S\u00fdko\u0159ice, Zbe\u010dno a Ra\u010dice.Nezabudice \u2013 zde pro\u017eil na Berounce sv\u00e1 nejkr\u00e1sn\u011bj\u0161\u00ed l\u00e9ta spisovatel Ota Pavel. Je zde st\u00e1le v provozu legend\u00e1rn\u00ed hostinec U Rozv\u011bd\u010d\u00edka.Kladensk\u00fd sportovn\u00ed are\u00e1l \u2013 je zde ve\u0159ejnosti k dispozici in-line brusla\u0159sk\u00e1 dr\u00e1ha, minigolf, tenisov\u00e9 kurty, aquapark s plaveck\u00fdm kryt\u00fdm baz\u00e9nem a tobog\u00e1nem, atletick\u00fd stadion, fotbalov\u00fd a hokejov\u00fd stadion, letn\u00ed koupali\u0161t\u011b U Sleti\u0161t\u011b a n\u011bkolik des\u00edtek kilometr\u016f cest v rozd\u011blovsk\u00fdch les\u00edch a v les\u00edch ve \u010dtvrtri Ostrovec a Bresson, kter\u00e9 jsou zn\u00e1my jako P\u0159\u00edrodn\u00ed park D\u017eb\u00e1n.                                                                                                                                                                                                                                                                                                                                                                                         4.2\/5 - (17 votes)        "},{"@context":"https:\/\/schema.org\/","@type":"BreadcrumbList","itemListElement":[{"@type":"ListItem","position":1,"name":"P\u016fj\u010dovna dod\u00e1vek Praha v\u00e1s zve na Kladensko","item":"https:\/\/www.comito.cz\/pujcovna-dodavek-praha-vas-zve-na-kladensko\/#breadcrumbitem"}]}]