[{"@context":"https:\/\/schema.org\/","@type":"Blog","@id":"https:\/\/www.comito.cz#Blog","headline":"Comito","description":"\nKa\u017ed\u00fd web prokazuje n\u011bkomu sv\u00e9 slu\u017eby. Neb\u00fdt jich, nikdo by ho nez\u0159izoval. Ale je pravda, \u017ee ne ka\u017ed\u00fd web stejn\u011b jako ten n\u00e1\u0161 prokazuje u\u017eite\u010dn\u00e9 slu\u017eby \u010dten\u00e1\u0159\u016fm.","url":"https:\/\/www.comito.cz","hasPart":[{"@type":"Article","@id":"https:\/\/www.comito.cz\/vodactvi-jako-sport-hobby-i-zivotni-styl\/","headline":"Vod\u00e1ctv\u00ed jako sport, hobby i \u017eivotn\u00ed styl","url":"https:\/\/www.comito.cz\/vodactvi-jako-sport-hobby-i-zivotni-styl\/","datePublished":"2019-06-17","dateModified":"2023-05-06","mainEntityOfPage":"https:\/\/www.comito.cz\/vodactvi-jako-sport-hobby-i-zivotni-styl\/","author":{"@type":"Person","@id":"https:\/\/www.comito.cz\/author\/#Person","name":"","url":"https:\/\/www.comito.cz\/author\/","identifier":1,"image":{"@type":"ImageObject","@id":"https:\/\/secure.gravatar.com\/avatar\/f677d652d46d6437b40497bee38030612d53a3103b24904f519be33cae485306?s=96&d=mm&r=g","url":"https:\/\/secure.gravatar.com\/avatar\/f677d652d46d6437b40497bee38030612d53a3103b24904f519be33cae485306?s=96&d=mm&r=g","height":96,"width":96}},"publisher":{"@type":"Organization","name":"comito.cz","logo":{"@type":"ImageObject","@id":"\/logo.png","url":"\/logo.png","width":600,"height":60}},"image":{"@type":"ImageObject","@id":"https:\/\/www.comito.cz\/wp-content\/uploads\/img_a346899_w2677_t1561208142.jpg","url":"https:\/\/www.comito.cz\/wp-content\/uploads\/img_a346899_w2677_t1561208142.jpg","height":0,"width":0},"wordCount":4498,"keywords":null},{"@type":"Article","@id":"https:\/\/www.comito.cz\/funkcni-i-zdobne\/","headline":"Funk\u010dn\u00ed i zdobn\u00e9","url":"https:\/\/www.comito.cz\/funkcni-i-zdobne\/","datePublished":"2019-05-27","dateModified":"2023-05-06","mainEntityOfPage":"https:\/\/www.comito.cz\/funkcni-i-zdobne\/","author":{"@type":"Person","@id":"https:\/\/www.comito.cz\/author\/#Person","name":"","url":"https:\/\/www.comito.cz\/author\/","identifier":1,"image":{"@type":"ImageObject","@id":"https:\/\/secure.gravatar.com\/avatar\/f677d652d46d6437b40497bee38030612d53a3103b24904f519be33cae485306?s=96&d=mm&r=g","url":"https:\/\/secure.gravatar.com\/avatar\/f677d652d46d6437b40497bee38030612d53a3103b24904f519be33cae485306?s=96&d=mm&r=g","height":96,"width":96}},"publisher":{"@type":"Organization","name":"comito.cz","logo":{"@type":"ImageObject","@id":"\/logo.png","url":"\/logo.png","width":600,"height":60}},"image":{"@type":"ImageObject","@id":"https:\/\/www.comito.cz\/wp-content\/uploads\/img_a345731_w2677_t1559296044.png","url":"https:\/\/www.comito.cz\/wp-content\/uploads\/img_a345731_w2677_t1559296044.png","height":0,"width":0},"wordCount":4418,"keywords":null},{"@type":"Article","@id":"https:\/\/www.comito.cz\/holub-stehovavy\/","headline":"Holub st\u011bhovav\u00fd","url":"https:\/\/www.comito.cz\/holub-stehovavy\/","datePublished":"2019-05-14","dateModified":"2023-05-06","mainEntityOfPage":"https:\/\/www.comito.cz\/holub-stehovavy\/","author":{"@type":"Person","@id":"https:\/\/www.comito.cz\/author\/#Person","name":"","url":"https:\/\/www.comito.cz\/author\/","identifier":1,"image":{"@type":"ImageObject","@id":"https:\/\/secure.gravatar.com\/avatar\/f677d652d46d6437b40497bee38030612d53a3103b24904f519be33cae485306?s=96&d=mm&r=g","url":"https:\/\/secure.gravatar.com\/avatar\/f677d652d46d6437b40497bee38030612d53a3103b24904f519be33cae485306?s=96&d=mm&r=g","height":96,"width":96}},"publisher":{"@type":"Organization","name":"comito.cz","logo":{"@type":"ImageObject","@id":"\/logo.png","url":"\/logo.png","width":600,"height":60}},"image":{"@type":"ImageObject","@id":"https:\/\/www.comito.cz\/wp-content\/uploads\/img_a344862_w2383_t1558639320.jpg","url":"https:\/\/www.comito.cz\/wp-content\/uploads\/img_a344862_w2383_t1558639320.jpg","height":0,"width":0},"wordCount":479,"keywords":null},{"@type":"Article","@id":"https:\/\/www.comito.cz\/nekdy-to-nejde-tak-snadno\/","headline":"N\u011bkdy to nejde tak snadno","url":"https:\/\/www.comito.cz\/nekdy-to-nejde-tak-snadno\/","datePublished":"2019-05-10","dateModified":"2023-05-06","mainEntityOfPage":"https:\/\/www.comito.cz\/nekdy-to-nejde-tak-snadno\/","author":{"@type":"Person","@id":"https:\/\/www.comito.cz\/author\/#Person","name":"","url":"https:\/\/www.comito.cz\/author\/","identifier":1,"image":{"@type":"ImageObject","@id":"https:\/\/secure.gravatar.com\/avatar\/f677d652d46d6437b40497bee38030612d53a3103b24904f519be33cae485306?s=96&d=mm&r=g","url":"https:\/\/secure.gravatar.com\/avatar\/f677d652d46d6437b40497bee38030612d53a3103b24904f519be33cae485306?s=96&d=mm&r=g","height":96,"width":96}},"publisher":{"@type":"Organization","name":"comito.cz","logo":{"@type":"ImageObject","@id":"\/logo.png","url":"\/logo.png","width":600,"height":60}},"image":{"@type":"ImageObject","@id":"https:\/\/www.comito.cz\/wp-content\/uploads\/img_a345064_w2677_t1558809084.jpg","url":"https:\/\/www.comito.cz\/wp-content\/uploads\/img_a345064_w2677_t1558809084.jpg","height":0,"width":0},"wordCount":479,"keywords":null},{"@type":"Article","@id":"https:\/\/www.comito.cz\/podpatky-proc-je-stale-milujeme\/","headline":"Podpatky, pro\u010d je st\u00e1le milujeme?","url":"https:\/\/www.comito.cz\/podpatky-proc-je-stale-milujeme\/","datePublished":"2019-05-06","dateModified":"2019-05-06","mainEntityOfPage":"https:\/\/www.comito.cz\/podpatky-proc-je-stale-milujeme\/","author":{"@type":"Person","@id":"https:\/\/www.comito.cz\/author\/#Person","name":"","url":"https:\/\/www.comito.cz\/author\/","identifier":1,"image":{"@type":"ImageObject","@id":"https:\/\/secure.gravatar.com\/avatar\/f677d652d46d6437b40497bee38030612d53a3103b24904f519be33cae485306?s=96&d=mm&r=g","url":"https:\/\/secure.gravatar.com\/avatar\/f677d652d46d6437b40497bee38030612d53a3103b24904f519be33cae485306?s=96&d=mm&r=g","height":96,"width":96}},"publisher":{"@type":"Organization","name":"comito.cz","logo":{"@type":"ImageObject","@id":"\/logo.png","url":"\/logo.png","width":600,"height":60}},"image":{"@type":"ImageObject","@id":"https:\/\/www.comito.cz\/wp-content\/uploads\/img_a345016_w2796_t1558797417.jpg","url":"https:\/\/www.comito.cz\/wp-content\/uploads\/img_a345016_w2796_t1558797417.jpg","height":0,"width":0},"wordCount":4495,"keywords":null},{"@type":"Article","@id":"https:\/\/www.comito.cz\/existuji-i-jine-moznosti-nez-oslovit-prave-banku\/","headline":"Existuj\u00ed i jin\u00e9 mo\u017enosti, ne\u017e oslovit pr\u00e1v\u011b banku","url":"https:\/\/www.comito.cz\/existuji-i-jine-moznosti-nez-oslovit-prave-banku\/","datePublished":"2019-05-06","dateModified":"2023-05-06","mainEntityOfPage":"https:\/\/www.comito.cz\/existuji-i-jine-moznosti-nez-oslovit-prave-banku\/","author":{"@type":"Person","@id":"https:\/\/www.comito.cz\/author\/#Person","name":"","url":"https:\/\/www.comito.cz\/author\/","identifier":1,"image":{"@type":"ImageObject","@id":"https:\/\/secure.gravatar.com\/avatar\/f677d652d46d6437b40497bee38030612d53a3103b24904f519be33cae485306?s=96&d=mm&r=g","url":"https:\/\/secure.gravatar.com\/avatar\/f677d652d46d6437b40497bee38030612d53a3103b24904f519be33cae485306?s=96&d=mm&r=g","height":96,"width":96}},"publisher":{"@type":"Organization","name":"comito.cz","logo":{"@type":"ImageObject","@id":"\/logo.png","url":"\/logo.png","width":600,"height":60}},"image":{"@type":"ImageObject","@id":"https:\/\/www.comito.cz\/wp-content\/uploads\/img_a345050_w2677_t1558806940.jpg","url":"https:\/\/www.comito.cz\/wp-content\/uploads\/img_a345050_w2677_t1558806940.jpg","height":0,"width":0},"wordCount":478,"keywords":null},{"@type":"Article","@id":"https:\/\/www.comito.cz\/jak-stehovat-tezsi-veci\/","headline":"Jak st\u011bhovat t\u011b\u017e\u0161\u00ed v\u011bci?","url":"https:\/\/www.comito.cz\/jak-stehovat-tezsi-veci\/","datePublished":"2019-01-22","dateModified":"2023-05-06","mainEntityOfPage":"https:\/\/www.comito.cz\/jak-stehovat-tezsi-veci\/","author":{"@type":"Person","@id":"https:\/\/www.comito.cz\/author\/#Person","name":"","url":"https:\/\/www.comito.cz\/author\/","identifier":1,"image":{"@type":"ImageObject","@id":"https:\/\/secure.gravatar.com\/avatar\/f677d652d46d6437b40497bee38030612d53a3103b24904f519be33cae485306?s=96&d=mm&r=g","url":"https:\/\/secure.gravatar.com\/avatar\/f677d652d46d6437b40497bee38030612d53a3103b24904f519be33cae485306?s=96&d=mm&r=g","height":96,"width":96}},"publisher":{"@type":"Organization","name":"comito.cz","logo":{"@type":"ImageObject","@id":"\/logo.png","url":"\/logo.png","width":600,"height":60}},"image":{"@type":"ImageObject","@id":"https:\/\/www.comito.cz\/wp-content\/uploads\/img_a335783_w2677_t1548954750.jpg","url":"https:\/\/www.comito.cz\/wp-content\/uploads\/img_a335783_w2677_t1548954750.jpg","height":0,"width":0},"wordCount":658,"keywords":null},{"@type":"Article","@id":"https:\/\/www.comito.cz\/lecba-alzheimerovy-choroby-v-domovech-se-zvlastnim-rezimem-v-souvislosti-s-vitaminem-d-a-s-omega-3-mastnymi-kyselinami\/","headline":"L\u00e9\u010dba Alzheimerovy choroby v domovech se zvl\u00e1\u0161tn\u00edm re\u017eimem v souvislosti s vitam\u00ednem D a s omega-3 mastn\u00fdmi kyselinami","url":"https:\/\/www.comito.cz\/lecba-alzheimerovy-choroby-v-domovech-se-zvlastnim-rezimem-v-souvislosti-s-vitaminem-d-a-s-omega-3-mastnymi-kyselinami\/","datePublished":"2019-01-19","dateModified":"2023-05-06","mainEntityOfPage":"https:\/\/www.comito.cz\/lecba-alzheimerovy-choroby-v-domovech-se-zvlastnim-rezimem-v-souvislosti-s-vitaminem-d-a-s-omega-3-mastnymi-kyselinami\/","author":{"@type":"Person","@id":"https:\/\/www.comito.cz\/author\/#Person","name":"","url":"https:\/\/www.comito.cz\/author\/","identifier":1,"image":{"@type":"ImageObject","@id":"https:\/\/secure.gravatar.com\/avatar\/f677d652d46d6437b40497bee38030612d53a3103b24904f519be33cae485306?s=96&d=mm&r=g","url":"https:\/\/secure.gravatar.com\/avatar\/f677d652d46d6437b40497bee38030612d53a3103b24904f519be33cae485306?s=96&d=mm&r=g","height":96,"width":96}},"publisher":{"@type":"Organization","name":"comito.cz","logo":{"@type":"ImageObject","@id":"\/logo.png","url":"\/logo.png","width":600,"height":60}},"image":{"@type":"ImageObject","@id":"https:\/\/www.comito.cz\/wp-content\/uploads\/img_a335250_w2677_t1548621032.jpg","url":"https:\/\/www.comito.cz\/wp-content\/uploads\/img_a335250_w2677_t1548621032.jpg","height":0,"width":0},"wordCount":498,"keywords":null},{"@type":"Article","@id":"https:\/\/www.comito.cz\/jste-poradkumilovna-duse-tipy-jak-skladovat-sperky\/","headline":"Jste po\u0159\u00e1dkumilovn\u00e1 du\u0161e? Tipy jak skladovat \u0161perky","url":"https:\/\/www.comito.cz\/jste-poradkumilovna-duse-tipy-jak-skladovat-sperky\/","datePublished":"2018-12-19","dateModified":"2023-05-06","mainEntityOfPage":"https:\/\/www.comito.cz\/jste-poradkumilovna-duse-tipy-jak-skladovat-sperky\/","author":{"@type":"Person","@id":"https:\/\/www.comito.cz\/author\/#Person","name":"","url":"https:\/\/www.comito.cz\/author\/","identifier":1,"image":{"@type":"ImageObject","@id":"https:\/\/secure.gravatar.com\/avatar\/f677d652d46d6437b40497bee38030612d53a3103b24904f519be33cae485306?s=96&d=mm&r=g","url":"https:\/\/secure.gravatar.com\/avatar\/f677d652d46d6437b40497bee38030612d53a3103b24904f519be33cae485306?s=96&d=mm&r=g","height":96,"width":96}},"publisher":{"@type":"Organization","name":"comito.cz","logo":{"@type":"ImageObject","@id":"\/logo.png","url":"\/logo.png","width":600,"height":60}},"image":{"@type":"ImageObject","@id":"https:\/\/www.comito.cz\/wp-content\/uploads\/img_a332043_w1720_t1544692422.jpg","url":"https:\/\/www.comito.cz\/wp-content\/uploads\/img_a332043_w1720_t1544692422.jpg","height":0,"width":0},"wordCount":552,"keywords":null},{"@type":"Article","@id":"https:\/\/www.comito.cz\/zabavna-zahrada\/","headline":"Z\u00e1bavn\u00e1 zahrada","url":"https:\/\/www.comito.cz\/zabavna-zahrada\/","datePublished":"2018-11-25","dateModified":"2023-05-06","mainEntityOfPage":"https:\/\/www.comito.cz\/zabavna-zahrada\/","author":{"@type":"Person","@id":"https:\/\/www.comito.cz\/author\/#Person","name":"","url":"https:\/\/www.comito.cz\/author\/","identifier":1,"image":{"@type":"ImageObject","@id":"https:\/\/secure.gravatar.com\/avatar\/f677d652d46d6437b40497bee38030612d53a3103b24904f519be33cae485306?s=96&d=mm&r=g","url":"https:\/\/secure.gravatar.com\/avatar\/f677d652d46d6437b40497bee38030612d53a3103b24904f519be33cae485306?s=96&d=mm&r=g","height":96,"width":96}},"publisher":{"@type":"Organization","name":"comito.cz","logo":{"@type":"ImageObject","@id":"\/logo.png","url":"\/logo.png","width":600,"height":60}},"image":{"@type":"ImageObject","@id":"https:\/\/www.comito.cz\/wp-content\/uploads\/img_a331961_w1765_t1544445926.jpg","url":"https:\/\/www.comito.cz\/wp-content\/uploads\/img_a331961_w1765_t1544445926.jpg","height":0,"width":0},"wordCount":554,"keywords":null}]},{"@context":"https:\/\/schema.org","@type":"WebSite","@id":"https:\/\/www.comito.cz\/#website","name":"Comito","url":"https:\/\/www.comito.cz","potentialAction":{"@type":"SearchAction","target":"https:\/\/www.comito.cz\/?s={search_term_string}","query-input":"required name=search_term_string"}}]