[{"@context":"https:\/\/schema.org\/","@type":"Blog","@id":"https:\/\/www.comito.cz#Blog","headline":"Comito","description":"\nKa\u017ed\u00fd web prokazuje n\u011bkomu sv\u00e9 slu\u017eby. Neb\u00fdt jich, nikdo by ho nez\u0159izoval. Ale je pravda, \u017ee ne ka\u017ed\u00fd web stejn\u011b jako ten n\u00e1\u0161 prokazuje u\u017eite\u010dn\u00e9 slu\u017eby \u010dten\u00e1\u0159\u016fm.","url":"https:\/\/www.comito.cz","hasPart":[{"@type":"Article","@id":"https:\/\/www.comito.cz\/huawei-y5-2019\/","headline":"Huawei Y5 2019","url":"https:\/\/www.comito.cz\/huawei-y5-2019\/","datePublished":"2021-01-17","dateModified":"2023-05-06","mainEntityOfPage":"https:\/\/www.comito.cz\/huawei-y5-2019\/","author":{"@type":"Person","@id":"https:\/\/www.comito.cz\/author\/#Person","name":"","url":"https:\/\/www.comito.cz\/author\/","identifier":1,"image":{"@type":"ImageObject","@id":"https:\/\/secure.gravatar.com\/avatar\/f677d652d46d6437b40497bee38030612d53a3103b24904f519be33cae485306?s=96&d=mm&r=g","url":"https:\/\/secure.gravatar.com\/avatar\/f677d652d46d6437b40497bee38030612d53a3103b24904f519be33cae485306?s=96&d=mm&r=g","height":96,"width":96}},"publisher":{"@type":"Organization","name":"comito.cz","logo":{"@type":"ImageObject","@id":"\/logo.png","url":"\/logo.png","width":600,"height":60}},"image":{"@type":"ImageObject","@id":"https:\/\/www.comito.cz\/wp-content\/uploads\/monil%20Huawei.jpg","url":"https:\/\/www.comito.cz\/wp-content\/uploads\/monil%20Huawei.jpg","height":0,"width":0},"wordCount":607,"keywords":null},{"@type":"Article","@id":"https:\/\/www.comito.cz\/priprava-na-prepravu-krehkych-predmetu\/","headline":"P\u0159\u00edprava na p\u0159epravu k\u0159ehk\u00fdch p\u0159edm\u011bt\u016f","url":"https:\/\/www.comito.cz\/priprava-na-prepravu-krehkych-predmetu\/","datePublished":"2020-10-11","dateModified":"2023-05-06","mainEntityOfPage":"https:\/\/www.comito.cz\/priprava-na-prepravu-krehkych-predmetu\/","author":{"@type":"Person","@id":"https:\/\/www.comito.cz\/author\/#Person","name":"","url":"https:\/\/www.comito.cz\/author\/","identifier":1,"image":{"@type":"ImageObject","@id":"https:\/\/secure.gravatar.com\/avatar\/f677d652d46d6437b40497bee38030612d53a3103b24904f519be33cae485306?s=96&d=mm&r=g","url":"https:\/\/secure.gravatar.com\/avatar\/f677d652d46d6437b40497bee38030612d53a3103b24904f519be33cae485306?s=96&d=mm&r=g","height":96,"width":96}},"publisher":{"@type":"Organization","name":"comito.cz","logo":{"@type":"ImageObject","@id":"\/logo.png","url":"\/logo.png","width":600,"height":60}},"image":{"@type":"ImageObject","@id":"https:\/\/www.comito.cz\/wp-content\/uploads\/sklen%C4%9Bn%C3%A9%20n%C3%A1doby.jpg","url":"https:\/\/www.comito.cz\/wp-content\/uploads\/sklen%C4%9Bn%C3%A9%20n%C3%A1doby.jpg","height":0,"width":0},"wordCount":742,"keywords":null},{"@type":"Article","@id":"https:\/\/www.comito.cz\/nas-interier\/","headline":"N\u00e1\u0161 interi\u00e9r","url":"https:\/\/www.comito.cz\/nas-interier\/","datePublished":"2020-09-15","dateModified":"2023-05-06","mainEntityOfPage":"https:\/\/www.comito.cz\/nas-interier\/","author":{"@type":"Person","@id":"https:\/\/www.comito.cz\/author\/#Person","name":"","url":"https:\/\/www.comito.cz\/author\/","identifier":1,"image":{"@type":"ImageObject","@id":"https:\/\/secure.gravatar.com\/avatar\/f677d652d46d6437b40497bee38030612d53a3103b24904f519be33cae485306?s=96&d=mm&r=g","url":"https:\/\/secure.gravatar.com\/avatar\/f677d652d46d6437b40497bee38030612d53a3103b24904f519be33cae485306?s=96&d=mm&r=g","height":96,"width":96}},"publisher":{"@type":"Organization","name":"comito.cz","logo":{"@type":"ImageObject","@id":"\/logo.png","url":"\/logo.png","width":600,"height":60}},"image":{"@type":"ImageObject","@id":"https:\/\/www.comito.cz\/wp-content\/uploads\/Modern%C3%AD%20interi%C3%A9r.jpg","url":"https:\/\/www.comito.cz\/wp-content\/uploads\/Modern%C3%AD%20interi%C3%A9r.jpg","height":0,"width":0},"wordCount":729,"keywords":null},{"@type":"Article","@id":"https:\/\/www.comito.cz\/low-carb-stravovani\/","headline":"Low carb stravov\u00e1n\u00ed","url":"https:\/\/www.comito.cz\/low-carb-stravovani\/","datePublished":"2020-09-09","dateModified":"2023-05-06","mainEntityOfPage":"https:\/\/www.comito.cz\/low-carb-stravovani\/","author":{"@type":"Person","@id":"https:\/\/www.comito.cz\/author\/#Person","name":"","url":"https:\/\/www.comito.cz\/author\/","identifier":1,"image":{"@type":"ImageObject","@id":"https:\/\/secure.gravatar.com\/avatar\/f677d652d46d6437b40497bee38030612d53a3103b24904f519be33cae485306?s=96&d=mm&r=g","url":"https:\/\/secure.gravatar.com\/avatar\/f677d652d46d6437b40497bee38030612d53a3103b24904f519be33cae485306?s=96&d=mm&r=g","height":96,"width":96}},"publisher":{"@type":"Organization","name":"comito.cz","logo":{"@type":"ImageObject","@id":"\/logo.png","url":"\/logo.png","width":600,"height":60}},"image":{"@type":"ImageObject","@id":"https:\/\/www.comito.cz\/wp-content\/uploads\/low%20carb%20strava.jpg","url":"https:\/\/www.comito.cz\/wp-content\/uploads\/low%20carb%20strava.jpg","height":0,"width":0},"wordCount":495,"keywords":null},{"@type":"Article","@id":"https:\/\/www.comito.cz\/nenechte-se-odradit-nizkou-funkci-erekce\/","headline":"Nenechte se odradit n\u00edzkou funkc\u00ed erekce","url":"https:\/\/www.comito.cz\/nenechte-se-odradit-nizkou-funkci-erekce\/","datePublished":"2020-08-09","dateModified":"2023-08-21","mainEntityOfPage":"https:\/\/www.comito.cz\/nenechte-se-odradit-nizkou-funkci-erekce\/","author":{"@type":"Person","@id":"https:\/\/www.comito.cz\/author\/#Person","name":"","url":"https:\/\/www.comito.cz\/author\/","identifier":1,"image":{"@type":"ImageObject","@id":"https:\/\/secure.gravatar.com\/avatar\/f677d652d46d6437b40497bee38030612d53a3103b24904f519be33cae485306?s=96&d=mm&r=g","url":"https:\/\/secure.gravatar.com\/avatar\/f677d652d46d6437b40497bee38030612d53a3103b24904f519be33cae485306?s=96&d=mm&r=g","height":96,"width":96}},"publisher":{"@type":"Organization","name":"comito.cz","logo":{"@type":"ImageObject","@id":"\/logo.png","url":"\/logo.png","width":600,"height":60}},"image":{"@type":"ImageObject","@id":"https:\/\/www.comito.cz\/wp-content\/uploads\/l%C3%A9ky%20na%20erekci_5.jpg","url":"https:\/\/www.comito.cz\/wp-content\/uploads\/l%C3%A9ky%20na%20erekci_5.jpg","height":0,"width":0},"wordCount":777,"keywords":null},{"@type":"Article","@id":"https:\/\/www.comito.cz\/podnikani-si-zada-sve\/","headline":"Podnik\u00e1n\u00ed si \u017e\u00e1d\u00e1 sv\u00e9","url":"https:\/\/www.comito.cz\/podnikani-si-zada-sve\/","datePublished":"2020-07-19","dateModified":"2023-05-06","mainEntityOfPage":"https:\/\/www.comito.cz\/podnikani-si-zada-sve\/","author":{"@type":"Person","@id":"https:\/\/www.comito.cz\/author\/#Person","name":"","url":"https:\/\/www.comito.cz\/author\/","identifier":1,"image":{"@type":"ImageObject","@id":"https:\/\/secure.gravatar.com\/avatar\/f677d652d46d6437b40497bee38030612d53a3103b24904f519be33cae485306?s=96&d=mm&r=g","url":"https:\/\/secure.gravatar.com\/avatar\/f677d652d46d6437b40497bee38030612d53a3103b24904f519be33cae485306?s=96&d=mm&r=g","height":96,"width":96}},"publisher":{"@type":"Organization","name":"comito.cz","logo":{"@type":"ImageObject","@id":"\/logo.png","url":"\/logo.png","width":600,"height":60}},"image":{"@type":"ImageObject","@id":"https:\/\/www.comito.cz\/wp-content\/uploads\/eura%20centy.jpg","url":"https:\/\/www.comito.cz\/wp-content\/uploads\/eura%20centy.jpg","height":0,"width":0},"wordCount":857,"keywords":null},{"@type":"Article","@id":"https:\/\/www.comito.cz\/vlasske-orechy\/","headline":"Vla\u0161sk\u00e9 o\u0159echy","url":"https:\/\/www.comito.cz\/vlasske-orechy\/","datePublished":"2020-07-18","dateModified":"2023-05-06","mainEntityOfPage":"https:\/\/www.comito.cz\/vlasske-orechy\/","author":{"@type":"Person","@id":"https:\/\/www.comito.cz\/author\/#Person","name":"","url":"https:\/\/www.comito.cz\/author\/","identifier":1,"image":{"@type":"ImageObject","@id":"https:\/\/secure.gravatar.com\/avatar\/f677d652d46d6437b40497bee38030612d53a3103b24904f519be33cae485306?s=96&d=mm&r=g","url":"https:\/\/secure.gravatar.com\/avatar\/f677d652d46d6437b40497bee38030612d53a3103b24904f519be33cae485306?s=96&d=mm&r=g","height":96,"width":96}},"publisher":{"@type":"Organization","name":"comito.cz","logo":{"@type":"ImageObject","@id":"\/logo.png","url":"\/logo.png","width":600,"height":60}},"image":{"@type":"ImageObject","@id":"https:\/\/www.comito.cz\/wp-content\/uploads\/walnut-royal-4336797_1280.jpg","url":"https:\/\/www.comito.cz\/wp-content\/uploads\/walnut-royal-4336797_1280.jpg","height":0,"width":0},"wordCount":597,"keywords":null},{"@type":"Article","@id":"https:\/\/www.comito.cz\/cena-neni-jedinym-lakadlem\/","headline":"Cena nen\u00ed jedin\u00fdm l\u00e1kadlem","url":"https:\/\/www.comito.cz\/cena-neni-jedinym-lakadlem\/","datePublished":"2020-07-12","dateModified":"2023-05-06","mainEntityOfPage":"https:\/\/www.comito.cz\/cena-neni-jedinym-lakadlem\/","author":{"@type":"Person","@id":"https:\/\/www.comito.cz\/author\/#Person","name":"","url":"https:\/\/www.comito.cz\/author\/","identifier":1,"image":{"@type":"ImageObject","@id":"https:\/\/secure.gravatar.com\/avatar\/f677d652d46d6437b40497bee38030612d53a3103b24904f519be33cae485306?s=96&d=mm&r=g","url":"https:\/\/secure.gravatar.com\/avatar\/f677d652d46d6437b40497bee38030612d53a3103b24904f519be33cae485306?s=96&d=mm&r=g","height":96,"width":96}},"publisher":{"@type":"Organization","name":"comito.cz","logo":{"@type":"ImageObject","@id":"\/logo.png","url":"\/logo.png","width":600,"height":60}},"image":{"@type":"ImageObject","@id":"https:\/\/www.comito.cz\/wp-content\/uploads\/Lep%C5%A1%C3%AD%20ne%C5%BE%20na%20zemi%20je%20sed%C4%9Bt%20na%20vaku.jpg","url":"https:\/\/www.comito.cz\/wp-content\/uploads\/Lep%C5%A1%C3%AD%20ne%C5%BE%20na%20zemi%20je%20sed%C4%9Bt%20na%20vaku.jpg","height":0,"width":0},"wordCount":606,"keywords":null},{"@type":"Article","@id":"https:\/\/www.comito.cz\/detske-kresilko-krtecek\/","headline":"D\u011btsk\u00e9 k\u0159es\u00edlko krte\u010dek","url":"https:\/\/www.comito.cz\/detske-kresilko-krtecek\/","datePublished":"2020-06-22","dateModified":"2023-05-06","mainEntityOfPage":"https:\/\/www.comito.cz\/detske-kresilko-krtecek\/","author":{"@type":"Person","@id":"https:\/\/www.comito.cz\/author\/#Person","name":"","url":"https:\/\/www.comito.cz\/author\/","identifier":1,"image":{"@type":"ImageObject","@id":"https:\/\/secure.gravatar.com\/avatar\/f677d652d46d6437b40497bee38030612d53a3103b24904f519be33cae485306?s=96&d=mm&r=g","url":"https:\/\/secure.gravatar.com\/avatar\/f677d652d46d6437b40497bee38030612d53a3103b24904f519be33cae485306?s=96&d=mm&r=g","height":96,"width":96}},"publisher":{"@type":"Organization","name":"comito.cz","logo":{"@type":"ImageObject","@id":"\/logo.png","url":"\/logo.png","width":600,"height":60}},"image":{"@type":"ImageObject","@id":"https:\/\/www.comito.cz\/wp-content\/uploads\/poh%C3%A1dkov%C3%A1%20postava.png","url":"https:\/\/www.comito.cz\/wp-content\/uploads\/poh%C3%A1dkov%C3%A1%20postava.png","height":0,"width":0},"wordCount":957,"keywords":null},{"@type":"Article","@id":"https:\/\/www.comito.cz\/vlasy-v-hrebenu-to-nevesti-nic-prijemneho\/","headline":"Vlasy v h\u0159ebenu, to nev\u011bst\u00ed nic p\u0159\u00edjemn\u00e9ho","url":"https:\/\/www.comito.cz\/vlasy-v-hrebenu-to-nevesti-nic-prijemneho\/","datePublished":"2020-06-21","dateModified":"2023-05-06","mainEntityOfPage":"https:\/\/www.comito.cz\/vlasy-v-hrebenu-to-nevesti-nic-prijemneho\/","author":{"@type":"Person","@id":"https:\/\/www.comito.cz\/author\/#Person","name":"","url":"https:\/\/www.comito.cz\/author\/","identifier":1,"image":{"@type":"ImageObject","@id":"https:\/\/secure.gravatar.com\/avatar\/f677d652d46d6437b40497bee38030612d53a3103b24904f519be33cae485306?s=96&d=mm&r=g","url":"https:\/\/secure.gravatar.com\/avatar\/f677d652d46d6437b40497bee38030612d53a3103b24904f519be33cae485306?s=96&d=mm&r=g","height":96,"width":96}},"publisher":{"@type":"Organization","name":"comito.cz","logo":{"@type":"ImageObject","@id":"\/logo.png","url":"\/logo.png","width":600,"height":60}},"image":{"@type":"ImageObject","@id":"https:\/\/www.comito.cz\/wp-content\/uploads\/vlasy.jpg","url":"https:\/\/www.comito.cz\/wp-content\/uploads\/vlasy.jpg","height":0,"width":0},"wordCount":690,"keywords":null}]},{"@context":"https:\/\/schema.org","@type":"WebSite","@id":"https:\/\/www.comito.cz\/#website","name":"Comito","url":"https:\/\/www.comito.cz","potentialAction":{"@type":"SearchAction","target":"https:\/\/www.comito.cz\/?s={search_term_string}","query-input":"required name=search_term_string"}}]