[{"@context":"https:\/\/schema.org\/","@type":"Blog","@id":"https:\/\/www.comito.cz#Blog","headline":"Comito","description":"\nKa\u017ed\u00fd web prokazuje n\u011bkomu sv\u00e9 slu\u017eby. Neb\u00fdt jich, nikdo by ho nez\u0159izoval. Ale je pravda, \u017ee ne ka\u017ed\u00fd web stejn\u011b jako ten n\u00e1\u0161 prokazuje u\u017eite\u010dn\u00e9 slu\u017eby \u010dten\u00e1\u0159\u016fm.","url":"https:\/\/www.comito.cz","hasPart":[{"@type":"Article","@id":"https:\/\/www.comito.cz\/kde-by-byl-svet-bez-penez\/","headline":"Kde by byl sv\u011bt bez pen\u011bz?","url":"https:\/\/www.comito.cz\/kde-by-byl-svet-bez-penez\/","datePublished":"2021-03-19","dateModified":"2023-05-06","mainEntityOfPage":"https:\/\/www.comito.cz\/kde-by-byl-svet-bez-penez\/","author":{"@type":"Person","@id":"https:\/\/www.comito.cz\/author\/#Person","name":"","url":"https:\/\/www.comito.cz\/author\/","identifier":1,"image":{"@type":"ImageObject","@id":"https:\/\/secure.gravatar.com\/avatar\/f677d652d46d6437b40497bee38030612d53a3103b24904f519be33cae485306?s=96&d=mm&r=g","url":"https:\/\/secure.gravatar.com\/avatar\/f677d652d46d6437b40497bee38030612d53a3103b24904f519be33cae485306?s=96&d=mm&r=g","height":96,"width":96}},"publisher":{"@type":"Organization","name":"comito.cz","logo":{"@type":"ImageObject","@id":"\/logo.png","url":"\/logo.png","width":600,"height":60}},"image":{"@type":"ImageObject","@id":"https:\/\/www.comito.cz\/wp-content\/uploads\/pen%C3%ADze%20v%20pen%C4%9B%C5%BEence_4.jpg","url":"https:\/\/www.comito.cz\/wp-content\/uploads\/pen%C3%ADze%20v%20pen%C4%9B%C5%BEence_4.jpg","height":0,"width":0},"wordCount":868,"keywords":null},{"@type":"Article","@id":"https:\/\/www.comito.cz\/jak-vyrobit-zavity\/","headline":"Jak vyrobit z\u00e1vity?","url":"https:\/\/www.comito.cz\/jak-vyrobit-zavity\/","datePublished":"2021-03-19","dateModified":"2023-05-06","mainEntityOfPage":"https:\/\/www.comito.cz\/jak-vyrobit-zavity\/","author":{"@type":"Person","@id":"https:\/\/www.comito.cz\/author\/#Person","name":"","url":"https:\/\/www.comito.cz\/author\/","identifier":1,"image":{"@type":"ImageObject","@id":"https:\/\/secure.gravatar.com\/avatar\/f677d652d46d6437b40497bee38030612d53a3103b24904f519be33cae485306?s=96&d=mm&r=g","url":"https:\/\/secure.gravatar.com\/avatar\/f677d652d46d6437b40497bee38030612d53a3103b24904f519be33cae485306?s=96&d=mm&r=g","height":96,"width":96}},"publisher":{"@type":"Organization","name":"comito.cz","logo":{"@type":"ImageObject","@id":"\/logo.png","url":"\/logo.png","width":600,"height":60}},"image":{"@type":"ImageObject","@id":"https:\/\/www.comito.cz\/wp-content\/uploads\/dva%20%C5%A1rouby.jpg","url":"https:\/\/www.comito.cz\/wp-content\/uploads\/dva%20%C5%A1rouby.jpg","height":0,"width":0},"wordCount":808,"keywords":null},{"@type":"Article","@id":"https:\/\/www.comito.cz\/zdrave-hubnuti\/","headline":"Zdrav\u00e9 hubnut\u00ed","url":"https:\/\/www.comito.cz\/zdrave-hubnuti\/","datePublished":"2021-03-16","dateModified":"2023-09-13","mainEntityOfPage":"https:\/\/www.comito.cz\/zdrave-hubnuti\/","author":{"@type":"Person","@id":"https:\/\/www.comito.cz\/author\/#Person","name":"","url":"https:\/\/www.comito.cz\/author\/","identifier":1,"image":{"@type":"ImageObject","@id":"https:\/\/secure.gravatar.com\/avatar\/f677d652d46d6437b40497bee38030612d53a3103b24904f519be33cae485306?s=96&d=mm&r=g","url":"https:\/\/secure.gravatar.com\/avatar\/f677d652d46d6437b40497bee38030612d53a3103b24904f519be33cae485306?s=96&d=mm&r=g","height":96,"width":96}},"publisher":{"@type":"Organization","name":"comito.cz","logo":{"@type":"ImageObject","@id":"\/logo.png","url":"\/logo.png","width":600,"height":60}},"image":{"@type":"ImageObject","@id":"https:\/\/www.comito.cz\/wp-content\/uploads\/zdrav%C3%A9%20hubnut%C3%AD_1.jpg","url":"https:\/\/www.comito.cz\/wp-content\/uploads\/zdrav%C3%A9%20hubnut%C3%AD_1.jpg","height":0,"width":0},"wordCount":586,"keywords":null},{"@type":"Article","@id":"https:\/\/www.comito.cz\/pujcovna-dodavek-praha-vas-zve-na-kladensko\/","headline":"P\u016fj\u010dovna dod\u00e1vek Praha v\u00e1s zve na Kladensko","url":"https:\/\/www.comito.cz\/pujcovna-dodavek-praha-vas-zve-na-kladensko\/","datePublished":"2021-03-15","dateModified":"2023-05-06","mainEntityOfPage":"https:\/\/www.comito.cz\/pujcovna-dodavek-praha-vas-zve-na-kladensko\/","author":{"@type":"Person","@id":"https:\/\/www.comito.cz\/author\/#Person","name":"","url":"https:\/\/www.comito.cz\/author\/","identifier":1,"image":{"@type":"ImageObject","@id":"https:\/\/secure.gravatar.com\/avatar\/f677d652d46d6437b40497bee38030612d53a3103b24904f519be33cae485306?s=96&d=mm&r=g","url":"https:\/\/secure.gravatar.com\/avatar\/f677d652d46d6437b40497bee38030612d53a3103b24904f519be33cae485306?s=96&d=mm&r=g","height":96,"width":96}},"publisher":{"@type":"Organization","name":"comito.cz","logo":{"@type":"ImageObject","@id":"\/logo.png","url":"\/logo.png","width":600,"height":60}},"image":{"@type":"ImageObject","@id":"https:\/\/www.comito.cz\/wp-content\/uploads\/z%C3%A1mek%20L%C3%A1ny.jpg","url":"https:\/\/www.comito.cz\/wp-content\/uploads\/z%C3%A1mek%20L%C3%A1ny.jpg","height":0,"width":0},"wordCount":709,"keywords":null},{"@type":"Article","@id":"https:\/\/www.comito.cz\/nejistota-na-kazdem-kroku\/","headline":"Nejistota na ka\u017ed\u00e9m kroku","url":"https:\/\/www.comito.cz\/nejistota-na-kazdem-kroku\/","datePublished":"2021-03-02","dateModified":"2023-05-06","mainEntityOfPage":"https:\/\/www.comito.cz\/nejistota-na-kazdem-kroku\/","author":{"@type":"Person","@id":"https:\/\/www.comito.cz\/author\/#Person","name":"","url":"https:\/\/www.comito.cz\/author\/","identifier":1,"image":{"@type":"ImageObject","@id":"https:\/\/secure.gravatar.com\/avatar\/f677d652d46d6437b40497bee38030612d53a3103b24904f519be33cae485306?s=96&d=mm&r=g","url":"https:\/\/secure.gravatar.com\/avatar\/f677d652d46d6437b40497bee38030612d53a3103b24904f519be33cae485306?s=96&d=mm&r=g","height":96,"width":96}},"publisher":{"@type":"Organization","name":"comito.cz","logo":{"@type":"ImageObject","@id":"\/logo.png","url":"\/logo.png","width":600,"height":60}},"image":{"@type":"ImageObject","@id":"https:\/\/www.comito.cz\/wp-content\/uploads\/cedule%202%20metry%20od%20sebe_S4HbEC.jpg","url":"https:\/\/www.comito.cz\/wp-content\/uploads\/cedule%202%20metry%20od%20sebe_S4HbEC.jpg","height":0,"width":0},"wordCount":509,"keywords":null},{"@type":"Article","@id":"https:\/\/www.comito.cz\/vhodne-obleceni-pro-deti\/","headline":"Vhodn\u00e9 oble\u010den\u00ed pro d\u011bti","url":"https:\/\/www.comito.cz\/vhodne-obleceni-pro-deti\/","datePublished":"2021-02-19","dateModified":"2023-05-06","mainEntityOfPage":"https:\/\/www.comito.cz\/vhodne-obleceni-pro-deti\/","author":{"@type":"Person","@id":"https:\/\/www.comito.cz\/author\/#Person","name":"","url":"https:\/\/www.comito.cz\/author\/","identifier":1,"image":{"@type":"ImageObject","@id":"https:\/\/secure.gravatar.com\/avatar\/f677d652d46d6437b40497bee38030612d53a3103b24904f519be33cae485306?s=96&d=mm&r=g","url":"https:\/\/secure.gravatar.com\/avatar\/f677d652d46d6437b40497bee38030612d53a3103b24904f519be33cae485306?s=96&d=mm&r=g","height":96,"width":96}},"publisher":{"@type":"Organization","name":"comito.cz","logo":{"@type":"ImageObject","@id":"\/logo.png","url":"\/logo.png","width":600,"height":60}},"image":{"@type":"ImageObject","@id":"https:\/\/www.comito.cz\/wp-content\/uploads\/mininko.jpg","url":"https:\/\/www.comito.cz\/wp-content\/uploads\/mininko.jpg","height":0,"width":0},"wordCount":714,"keywords":null},{"@type":"Article","@id":"https:\/\/www.comito.cz\/kdy-je-ten-spravny-cas-na-hypoteku\/","headline":"Kdy je ten spr\u00e1vn\u00fd \u010das na hypot\u00e9ku?","url":"https:\/\/www.comito.cz\/kdy-je-ten-spravny-cas-na-hypoteku\/","datePublished":"2021-02-19","dateModified":"2021-02-19","mainEntityOfPage":"https:\/\/www.comito.cz\/kdy-je-ten-spravny-cas-na-hypoteku\/","author":{"@type":"Person","@id":"https:\/\/www.comito.cz\/author\/#Person","name":"","url":"https:\/\/www.comito.cz\/author\/","identifier":1,"image":{"@type":"ImageObject","@id":"https:\/\/secure.gravatar.com\/avatar\/f677d652d46d6437b40497bee38030612d53a3103b24904f519be33cae485306?s=96&d=mm&r=g","url":"https:\/\/secure.gravatar.com\/avatar\/f677d652d46d6437b40497bee38030612d53a3103b24904f519be33cae485306?s=96&d=mm&r=g","height":96,"width":96}},"publisher":{"@type":"Organization","name":"comito.cz","logo":{"@type":"ImageObject","@id":"\/logo.png","url":"\/logo.png","width":600,"height":60}},"image":{"@type":"ImageObject","@id":"https:\/\/www.comito.cz\/wp-content\/uploads\/puzzle%20d%C5%AFm_9.jpg","url":"https:\/\/www.comito.cz\/wp-content\/uploads\/puzzle%20d%C5%AFm_9.jpg","height":0,"width":0},"wordCount":529,"keywords":null},{"@type":"Article","@id":"https:\/\/www.comito.cz\/fotovoltaika-na-strechu\/","headline":"Fotovoltaika na st\u0159echu","url":"https:\/\/www.comito.cz\/fotovoltaika-na-strechu\/","datePublished":"2021-02-18","dateModified":"2023-10-11","mainEntityOfPage":"https:\/\/www.comito.cz\/fotovoltaika-na-strechu\/","author":{"@type":"Person","@id":"https:\/\/www.comito.cz\/author\/#Person","name":"","url":"https:\/\/www.comito.cz\/author\/","identifier":1,"image":{"@type":"ImageObject","@id":"https:\/\/secure.gravatar.com\/avatar\/f677d652d46d6437b40497bee38030612d53a3103b24904f519be33cae485306?s=96&d=mm&r=g","url":"https:\/\/secure.gravatar.com\/avatar\/f677d652d46d6437b40497bee38030612d53a3103b24904f519be33cae485306?s=96&d=mm&r=g","height":96,"width":96}},"publisher":{"@type":"Organization","name":"comito.cz","logo":{"@type":"ImageObject","@id":"\/logo.png","url":"\/logo.png","width":600,"height":60}},"image":{"@type":"ImageObject","@id":"https:\/\/www.comito.cz\/wp-content\/uploads\/sol%C3%A1rn%C3%AD%20%C4%8Dl%C3%A1nky_1.jpg","url":"https:\/\/www.comito.cz\/wp-content\/uploads\/sol%C3%A1rn%C3%AD%20%C4%8Dl%C3%A1nky_1.jpg","height":0,"width":0},"wordCount":652,"keywords":null},{"@type":"Article","@id":"https:\/\/www.comito.cz\/jake-svatebni-saty-vam-budou-sluset\/","headline":"Jak\u00e9 svatebn\u00ed \u0161aty v\u00e1m budou slu\u0161et?","url":"https:\/\/www.comito.cz\/jake-svatebni-saty-vam-budou-sluset\/","datePublished":"2021-01-17","dateModified":"2023-05-06","mainEntityOfPage":"https:\/\/www.comito.cz\/jake-svatebni-saty-vam-budou-sluset\/","author":{"@type":"Person","@id":"https:\/\/www.comito.cz\/author\/#Person","name":"","url":"https:\/\/www.comito.cz\/author\/","identifier":1,"image":{"@type":"ImageObject","@id":"https:\/\/secure.gravatar.com\/avatar\/f677d652d46d6437b40497bee38030612d53a3103b24904f519be33cae485306?s=96&d=mm&r=g","url":"https:\/\/secure.gravatar.com\/avatar\/f677d652d46d6437b40497bee38030612d53a3103b24904f519be33cae485306?s=96&d=mm&r=g","height":96,"width":96}},"publisher":{"@type":"Organization","name":"comito.cz","logo":{"@type":"ImageObject","@id":"\/logo.png","url":"\/logo.png","width":600,"height":60}},"image":{"@type":"ImageObject","@id":"https:\/\/www.comito.cz\/wp-content\/uploads\/wedding-in-china-4798369_1920.jpg","url":"https:\/\/www.comito.cz\/wp-content\/uploads\/wedding-in-china-4798369_1920.jpg","height":0,"width":0},"wordCount":537,"keywords":null},{"@type":"Article","@id":"https:\/\/www.comito.cz\/huawei-y5-2019\/","headline":"Huawei Y5 2019","url":"https:\/\/www.comito.cz\/huawei-y5-2019\/","datePublished":"2021-01-17","dateModified":"2023-05-06","mainEntityOfPage":"https:\/\/www.comito.cz\/huawei-y5-2019\/","author":{"@type":"Person","@id":"https:\/\/www.comito.cz\/author\/#Person","name":"","url":"https:\/\/www.comito.cz\/author\/","identifier":1,"image":{"@type":"ImageObject","@id":"https:\/\/secure.gravatar.com\/avatar\/f677d652d46d6437b40497bee38030612d53a3103b24904f519be33cae485306?s=96&d=mm&r=g","url":"https:\/\/secure.gravatar.com\/avatar\/f677d652d46d6437b40497bee38030612d53a3103b24904f519be33cae485306?s=96&d=mm&r=g","height":96,"width":96}},"publisher":{"@type":"Organization","name":"comito.cz","logo":{"@type":"ImageObject","@id":"\/logo.png","url":"\/logo.png","width":600,"height":60}},"image":{"@type":"ImageObject","@id":"https:\/\/www.comito.cz\/wp-content\/uploads\/monil%20Huawei.jpg","url":"https:\/\/www.comito.cz\/wp-content\/uploads\/monil%20Huawei.jpg","height":0,"width":0},"wordCount":607,"keywords":null}]},{"@context":"https:\/\/schema.org","@type":"WebSite","@id":"https:\/\/www.comito.cz\/#website","name":"Comito","url":"https:\/\/www.comito.cz","potentialAction":{"@type":"SearchAction","target":"https:\/\/www.comito.cz\/?s={search_term_string}","query-input":"required name=search_term_string"}}]