[{"@context":"https:\/\/schema.org\/","@type":"Article","@id":"https:\/\/www.comito.cz\/nebudete-na-to-sami\/#Article","mainEntityOfPage":"https:\/\/www.comito.cz\/nebudete-na-to-sami\/","headline":"Nebudete na to sami","name":"Nebudete na to sami","description":"Rozhodnut\u00ed o tom, \u017ee zajist\u00edte ve sv\u00e9 firm\u011b chr\u00e1n\u011bn\u00e1 pracovn\u00ed m\u00edsta, d\u00e1v\u00e1te \u0161anci i lidem s&nbsp;handicapem. V&nbsp;b\u011b\u017en\u00e9m \u017eivot\u011b maj\u00ed tito&hellip;","datePublished":"2023-05-06","dateModified":"2023-05-06","author":{"@type":"Person","@id":"https:\/\/www.comito.cz\/author\/#Person","name":"","url":"https:\/\/www.comito.cz\/author\/","identifier":1,"image":{"@type":"ImageObject","@id":"https:\/\/secure.gravatar.com\/avatar\/f677d652d46d6437b40497bee38030612d53a3103b24904f519be33cae485306?s=96&d=mm&r=g","url":"https:\/\/secure.gravatar.com\/avatar\/f677d652d46d6437b40497bee38030612d53a3103b24904f519be33cae485306?s=96&d=mm&r=g","height":96,"width":96}},"publisher":{"@type":"Organization","name":"comito.cz","logo":{"@type":"ImageObject","@id":"\/logo.png","url":"\/logo.png","width":600,"height":60}},"image":{"@type":"ImageObject","@id":"https:\/\/www.comito.cz\/wp-content\/uploads\/img_a329579_w2677_t1542037983.jpg","url":"https:\/\/www.comito.cz\/wp-content\/uploads\/img_a329579_w2677_t1542037983.jpg","height":0,"width":0},"url":"https:\/\/www.comito.cz\/nebudete-na-to-sami\/","about":["Podnik\u00e1n\u00ed"],"wordCount":473,"articleBody":"Rozhodnut\u00ed o tom, \u017ee zajist\u00edte ve sv\u00e9 firm\u011b chr\u00e1n\u011bn\u00e1 pracovn\u00ed m\u00edsta, d\u00e1v\u00e1te \u0161anci i lidem s&nbsp;handicapem. V&nbsp;b\u011b\u017en\u00e9m \u017eivot\u011b maj\u00ed tito lid\u00e9 r\u016fzn\u00e1 omezen\u00ed, a nejsou schopni zvl\u00e1dat b\u011b\u017en\u00e9 pracovn\u00ed vyt\u00ed\u017een\u00ed, i kdyby stokr\u00e1t cht\u011bli.\tU\u017e nejde o chr\u00e1n\u011bn\u00e9 d\u00edlny.\tPokud tedy chcete ve sv\u00e9 firm\u011b zam\u011bstn\u00e1vat osoby se zdravotn\u00edm posti\u017een\u00edm, nehle\u010fte na p\u0159edpisy p\u0159ed 1. lednem 2018. Od 1. ledna 2018 se toti\u017e leccos zm\u011bnilo.\tNovela z\u00e1kona \u010d. 435\/2005, o zam\u011bstnanosti zm\u011bnila, tzv. chr\u00e1n\u011bn\u00e9 d\u00edlny na nov\u00fd pojem. Novela \u010d. 367\/2011, Sb. zavedla pojem chr\u00e1n\u011bn\u00e9 pracovn\u00ed m\u00edsto.\tTato novela jasn\u011b vymezuje nov\u011b vznikl\u00fd pojem a dala jasn\u00e1 pravidla o tom, co v\u0161echno mus\u00ed zam\u011bstnavatel pro z\u0159\u00edzen\u00ed chr\u00e1n\u011bn\u00e9ho pracovn\u00edho m\u00edsta ud\u011blat, aby mu st\u00e1t mohl finan\u010dn\u011b pomoci k&nbsp;tak bohulib\u00e9mu kroku.\t\tSpl\u0148te podm\u00ednky a st\u00e1t V\u00e1m pom\u016f\u017ee\t1.&nbsp;&nbsp;&nbsp;&nbsp;&nbsp;&nbsp; Jako zam\u011bstnavatel mus\u00edte splnit podm\u00ednku v\u00edce ne\u017e 50% zam\u011bstnanosti osob se zdravotn\u00edm posti\u017een\u00edm po dobu 3 m\u011bs\u00edc\u016f, ne\u017e pod\u00e1te \u017e\u00e1dost na \u00da\u0159ad pr\u00e1ce o dohodu o uzn\u00e1n\u00ed zam\u011bstnavatele na chr\u00e1n\u011bn\u00e9m trhu pr\u00e1ce.\t2.&nbsp;&nbsp;&nbsp;&nbsp;&nbsp;&nbsp; Po schv\u00e1len\u00ed a podeps\u00e1n\u00ed dohody m\u016f\u017eete po dal\u0161\u00edch t\u0159ech m\u011bs\u00edc\u00edch \u017e\u00e1dat o p\u0159\u00edsp\u011bvek na podporu zam\u011bstnanosti osob se zdravotn\u00edm posti\u017een\u00edm. Zp\u011btn\u011b obdr\u017e\u00edte tento p\u0159\u00edsp\u011bvek.\t3.&nbsp;&nbsp;&nbsp;&nbsp;&nbsp;&nbsp; \u00da\u0159adu pr\u00e1ce mus\u00edte dolo\u017eit doklad o tom, kter\u00fd prokazateln\u011b d\u00e1v\u00e1 najevo, \u017ee osoba je skute\u010dn\u011b osoba se zdravotn\u00edm posti\u017een\u00edm\t4.&nbsp;&nbsp;&nbsp;&nbsp;&nbsp;&nbsp; D\u00e1le mus\u00edte prokazateln\u011b dolo\u017eit, \u017ee takovou osobu skute\u010dn\u011b vypl\u00e1c\u00edte, a to t\u00edm, \u017ee pos\u00edl\u00e1te v\u00fdplatu na \u00fa\u010det t\u00e9to osoby.\t5.&nbsp;&nbsp;&nbsp;&nbsp;&nbsp;&nbsp; A nakonec tato osoba nesm\u00ed pracovat doma, ale na sv\u00e9m pracovi\u0161ti.\tSt\u00e1t se sna\u017e\u00ed pomoci podnikatel\u016fm v&nbsp;jejich z\u00e1m\u011bru t\u00edm, \u017ee jim poskytne finan\u010dn\u00ed p\u0159\u00edsp\u011bvek na n\u00e1klady spojen\u00e9 s&nbsp;chr\u00e1n\u011bn\u00fdm pracovn\u00edm m\u00edstem. Sna\u017e\u00ed se poskytnout stejnou \u0161anci na pr\u00e1ci, jakou maj\u00ed zdrav\u00ed lid\u00e9.\tT\u00edm, \u017ee se rozhodnete pro zam\u011bstn\u00e1v\u00e1n\u00ed osob se zdravotn\u00edm posti\u017een\u00edm, se st\u00e1v\u00e1te tak\u00e9 poskytovatelem n\u00e1hradn\u00edho pln\u011bn\u00ed. \u00daP V\u00e1s do t\u00e9to datab\u00e1ze za\u0159ad\u00ed.\tPodrobnosti o z\u0159\u00edzen\u00ed pracovn\u00edho m\u00edsta V\u00e1m poskytne ka\u017ed\u00fd \u00da\u0159ad pr\u00e1ce v&nbsp;\u010cR.                                                                                                                                                                                                                                                                                                                                                                                        4.4\/5 - (9 votes)        "},{"@context":"https:\/\/schema.org\/","@type":"BreadcrumbList","itemListElement":[{"@type":"ListItem","position":1,"name":"Nebudete na to sami","item":"https:\/\/www.comito.cz\/nebudete-na-to-sami\/#breadcrumbitem"}]}]