[{"@context":"https:\/\/schema.org\/","@type":"Article","@id":"https:\/\/www.comito.cz\/lecba-alzheimerovy-choroby-v-domovech-se-zvlastnim-rezimem-v-souvislosti-s-vitaminem-d-a-s-omega-3-mastnymi-kyselinami\/#Article","mainEntityOfPage":"https:\/\/www.comito.cz\/lecba-alzheimerovy-choroby-v-domovech-se-zvlastnim-rezimem-v-souvislosti-s-vitaminem-d-a-s-omega-3-mastnymi-kyselinami\/","headline":"L\u00e9\u010dba Alzheimerovy choroby v domovech se zvl\u00e1\u0161tn\u00edm re\u017eimem v souvislosti s vitam\u00ednem D a s omega-3 mastn\u00fdmi kyselinami","name":"L\u00e9\u010dba Alzheimerovy choroby v domovech se zvl\u00e1\u0161tn\u00edm re\u017eimem v souvislosti s vitam\u00ednem D a s omega-3 mastn\u00fdmi kyselinami","description":"Jestli\u017ee existuje m\u00edsto, kter\u00e9 je t\u00edm nejefektivn\u011bj\u0161\u00edm m\u00edstem pro poskytov\u00e1n\u00ed p\u00e9\u010de lidem, kte\u0159\u00ed trp\u00ed Alzheimerovou chorobou, pak jsou to domovy&hellip;","datePublished":"2019-01-19","dateModified":"2023-05-06","author":{"@type":"Person","@id":"https:\/\/www.comito.cz\/author\/#Person","name":"","url":"https:\/\/www.comito.cz\/author\/","identifier":1,"image":{"@type":"ImageObject","@id":"https:\/\/secure.gravatar.com\/avatar\/f677d652d46d6437b40497bee38030612d53a3103b24904f519be33cae485306?s=96&d=mm&r=g","url":"https:\/\/secure.gravatar.com\/avatar\/f677d652d46d6437b40497bee38030612d53a3103b24904f519be33cae485306?s=96&d=mm&r=g","height":96,"width":96}},"publisher":{"@type":"Organization","name":"comito.cz","logo":{"@type":"ImageObject","@id":"\/logo.png","url":"\/logo.png","width":600,"height":60}},"image":{"@type":"ImageObject","@id":"https:\/\/www.comito.cz\/wp-content\/uploads\/img_a335250_w2677_t1548621032.jpg","url":"https:\/\/www.comito.cz\/wp-content\/uploads\/img_a335250_w2677_t1548621032.jpg","height":0,"width":0},"url":"https:\/\/www.comito.cz\/lecba-alzheimerovy-choroby-v-domovech-se-zvlastnim-rezimem-v-souvislosti-s-vitaminem-d-a-s-omega-3-mastnymi-kyselinami\/","about":["Domov"],"wordCount":447,"articleBody":"Jestli\u017ee existuje m\u00edsto, kter\u00e9 je t\u00edm nejefektivn\u011bj\u0161\u00edm m\u00edstem pro poskytov\u00e1n\u00ed p\u00e9\u010de lidem, kte\u0159\u00ed trp\u00ed Alzheimerovou chorobou, pak jsou to domovy se zvl\u00e1\u0161tn\u00edm re\u017eimem. O t\u00e9to nemoci se \u0159\u00edk\u00e1, \u017ee postihuje \u010d\u00edm d\u00e1l t\u00edm v\u00edce osob, co\u017e potvrzuj\u00ed dokonce i procentu\u00e1ln\u00ed statistiky. Nejhor\u0161\u00ed na tom je, \u017ee choroba za\u010d\u00edn\u00e1 postihovat i mlad\u0161\u00ed ro\u010dn\u00edky. Podle odhadu to vypad\u00e1 tak, \u017ee v\u00a0roce 2050 bude po\u010det nemocn\u00fdch a\u017e dvojn\u00e1sobn\u011b vy\u0161\u0161\u00ed, ne\u017e je tomu te\u010f. Dokonce ji\u017e v\u00a0roce 2015 bylo zaznamen\u00e1no v\u00edce ne\u017e 150 lid\u00ed, kte\u0159\u00ed trp\u011bli Alzheimerovou chorobou.&#13;Ka\u017ed\u00fd t\u0159et\u00ed, kter\u00fd je touto nemoc\u00ed posti\u017een, vy\u017eaduje odbornou p\u00e9\u010di, jeliko\u017e se choroba nach\u00e1z\u00ed ve st\u00e1diu, kter\u00e9 u\u017e je v\u00e1\u017en\u011bj\u0161\u00ed. I p\u0159esto v\u0161echno je u n\u00e1s v\u00a0\u010cesk\u00e9 republice nedostatek l\u016f\u017ekov\u00fdch kapacit. V\u00a0sou\u010dasn\u00e9 dob\u011b je k\u00a0dispozici pouze des\u00edtka pro pacienty, kte\u0159\u00ed trp\u00ed Alzheimerem. Spousta pacient\u016f je odk\u00e1z\u00e1na na pomoc nejbli\u017e\u0161\u00edch rodinn\u00fdch p\u0159\u00edslu\u0161n\u00edk\u016f. B\u011b\u017en\u00e1 populace m\u00e1 sice mo\u017enost vyu\u017e\u00edt odborn\u00fdch stacion\u00e1\u0159\u016f a r\u016fzn\u00fdch poradentstv\u00ed, ale probl\u00e9m je hlavn\u011b v\u00a0tom, \u017ee lid\u00e9 \u010dasto nerozeznaj\u00ed chorobu od oby\u010dejn\u00e9 zapom\u011btlivosti.&#13;Je pochopiteln\u00e9, \u017ee u rozvinut\u00fdch forem nemoci je l\u00e9ka\u0159sk\u00e1 p\u00e9\u010de a pomoc t\u011bch nejbli\u017e\u0161\u00edch z\u00e1sadn\u00ed. Velmi d\u016fle\u017eit\u00e1 je ale prevence. Podle nejnov\u011bj\u0161\u00edch v\u00fdzkum\u016f, kter\u00e9 byly prov\u00e1d\u011bny, je nap\u0159\u00edklad takovou jednou ze stravovac\u00edch chyb nedostatek omega \u2013 3 mastn\u00fdch kyselin a krom\u011b toho tak\u00e9 nedostate\u010dn\u00fd p\u0159\u00edsun vitam\u00ednu D. I pro Alzheimerovu chorobu plat\u00ed prevence formou racion\u00e1ln\u00ed v\u00fd\u017eivy t\u011blesn\u00fdch bun\u011bk pod\u00edlem ovoce a zeleniny, lu\u0161t\u011bninami nebo b\u00edl\u00fdm masem.&#13;Pr\u016fzkum, kter\u00fd byl prov\u00e1d\u011bn v\u00a0roce 2013, byl zam\u011b\u0159en p\u0159edev\u0161\u00edm na tuto chorobu. Zjistilo se, \u017ee \u00fa\u010dinnost kombinace vitam\u00ednu D a omega \u2013 3 mastn\u00fdch kyselin hraj\u00ed v\u00a0oblasti prim. Maj\u00ed toti\u017e vliv na b\u00edl\u00e9 krvinky, kter\u00e9 likviduj\u00ed amyloidn\u00ed plak, kter\u00fd se t\u00edm vst\u0159eb\u00e1v\u00e1 a sni\u017euje po\u010det odum\u00edraj\u00edc\u00edch mozkov\u00fdch bun\u011bk.&#13;Vitam\u00edn D lze z\u00edskat i r\u016fzn\u00fdmi dopl\u0148ky stravy a omega \u2013 3 je mo\u017en\u00e9 z\u00edskat z\u00a0vla\u0161sk\u00fdch o\u0159ech\u016f. Nen\u00ed jist\u011b n\u00e1hoda, \u017ee ka\u017ed\u00e9mu z\u00a0n\u00e1s napom\u00e1h\u00e1 sama p\u0159\u00edroda. P\u0159eci jen tvar plodu vla\u0161sk\u00e9ho o\u0159echu napodobuje mozek, stejn\u011b tak jako fazole, kter\u00e1 sv\u00fdm vzhledem p\u0159ipom\u00edn\u00e1 ledvinu.                                                                                                                                                                                                                                                                                                                                                                                        4\/5 - (6 votes)        "},{"@context":"https:\/\/schema.org\/","@type":"BreadcrumbList","itemListElement":[{"@type":"ListItem","position":1,"name":"L\u00e9\u010dba Alzheimerovy choroby v domovech se zvl\u00e1\u0161tn\u00edm re\u017eimem v souvislosti s vitam\u00ednem D a s omega-3 mastn\u00fdmi kyselinami","item":"https:\/\/www.comito.cz\/lecba-alzheimerovy-choroby-v-domovech-se-zvlastnim-rezimem-v-souvislosti-s-vitaminem-d-a-s-omega-3-mastnymi-kyselinami\/#breadcrumbitem"}]}]