[{"@context":"https:\/\/schema.org\/","@type":"Article","@id":"https:\/\/www.comito.cz\/krmite-sve-morce-vhodne\/#Article","mainEntityOfPage":"https:\/\/www.comito.cz\/krmite-sve-morce-vhodne\/","headline":"Krm\u00edte sv\u00e9 mor\u010de vhodn\u011b?","name":"Krm\u00edte sv\u00e9 mor\u010de vhodn\u011b?","description":"Aby n\u00e1m doma chovan\u00e1 dom\u00e1c\u00ed zv\u00ed\u0159ata dob\u0159e prosp\u00edvala, mus\u00edme jim vytvo\u0159it takov\u00e9 \u017eivotn\u00ed podm\u00ednky, kter\u00e9 jim to umo\u017en\u00ed. Plat\u00ed to&hellip;","datePublished":"2018-09-23","dateModified":"2023-05-06","author":{"@type":"Person","@id":"https:\/\/www.comito.cz\/author\/#Person","name":"","url":"https:\/\/www.comito.cz\/author\/","identifier":1,"image":{"@type":"ImageObject","@id":"https:\/\/secure.gravatar.com\/avatar\/f677d652d46d6437b40497bee38030612d53a3103b24904f519be33cae485306?s=96&d=mm&r=g","url":"https:\/\/secure.gravatar.com\/avatar\/f677d652d46d6437b40497bee38030612d53a3103b24904f519be33cae485306?s=96&d=mm&r=g","height":96,"width":96}},"publisher":{"@type":"Organization","name":"comito.cz","logo":{"@type":"ImageObject","@id":"\/logo.png","url":"\/logo.png","width":600,"height":60}},"image":{"@type":"ImageObject","@id":"https:\/\/www.comito.cz\/wp-content\/uploads\/img_a324380_w2677_t1536176849.jpg","url":"https:\/\/www.comito.cz\/wp-content\/uploads\/img_a324380_w2677_t1536176849.jpg","height":0,"width":0},"url":"https:\/\/www.comito.cz\/krmite-sve-morce-vhodne\/","about":["Zv\u00ed\u0159ata"],"wordCount":393,"articleBody":"Aby n\u00e1m doma chovan\u00e1 dom\u00e1c\u00ed zv\u00ed\u0159ata dob\u0159e prosp\u00edvala, mus\u00edme jim vytvo\u0159it takov\u00e9 \u017eivotn\u00ed podm\u00ednky, kter\u00e9 jim to umo\u017en\u00ed. Plat\u00ed to obecn\u011b pro v\u0161echna zv\u00ed\u0159ata bez v\u00fdjimky, tedy i pro mor\u010data.&#13; Zaji\u0161t\u011bn\u00ed dostate\u010dn\u00e9ho v\u00fdb\u011bhu je ur\u010dit\u011b d\u016fle\u017eit\u00e9. Stejn\u011b tak d\u016fle\u017eit\u00e9 je dop\u0159\u00e1t mor\u010dat\u016fm vhodnou a dob\u0159e vyv\u00e1\u017eenou stravu. Jen tak budete m\u00edt jistotu, \u017ee d\u011bl\u00e1te v\u0161e pro zdrav\u00ed va\u0161eho dom\u00e1c\u00edho mazl\u00ed\u010dka.Jak takov\u00e9 mor\u010de spr\u00e1vn\u011b krmit?&#13; V\u0161ichni v\u00edme, \u017ee mor\u010de je hlodavec .&#13; Mor\u010de je zaryt\u00fd b\u00fdlo\u017eravec. Nebudeme mu tedy rozhodn\u011b d\u00e1vat \u017e\u00e1dn\u00e9 masov\u00e9 konzervy pro psy nebo pro ko\u010dky.&#13; Hlavn\u00ed slo\u017ekou potravy bude ur\u010dit\u011b seno. Jen seno, ale nesta\u010d\u00ed. Strava mus\u00ed b\u00fdt dostate\u010dn\u011b pestr\u00e1. VELMI d\u016fle\u017eit\u00e9 tak\u00e9 je, aby mor\u010de m\u011blo mo\u017enost obru\u0161ov\u00e1n\u00ed zub\u016f. Pokud tomu tak nebude, nejsp\u00ed\u0161 v\u00e1s nemine n\u00e1v\u0161t\u011bva veterin\u00e1\u0159e.&#13; Pokud si nejste jist\u00ed, \u017ee spr\u00e1vn\u00fd j\u00eddeln\u00ed\u010dek dok\u00e1\u017eete mor\u010deti dop\u0159\u00e1t sami, m\u016f\u017eete mu v chovatelsk\u00fdch pot\u0159eb\u00e1ch koupit ji\u017e vhodn\u011b nam\u00edchan\u00e9 sm\u011bsi. Tyto sm\u011bsi nab\u00edz\u00ed u\u017e vhodn\u011b nam\u00edchan\u00fd pom\u011br zrn\u00ed a su\u0161en\u00e9ho ovoce. P\u0159esto v\u00e1m, ale mor\u010de bude vd\u011b\u010dn\u00e9, pokud mu dop\u0159ejete alespo\u0148 ob\u010das \u010derstv\u00e9 ovoce a zeleninu.Jak\u00e1 \u010derstv\u00e1 zelenina je pro zv\u00ed\u0159\u00e1tko vhodn\u00e1?&#13; Ur\u010dit\u011b mor\u010d\u00e1tku neubl\u00ed\u017e\u00edte, pokud mu nab\u00eddnete \u010derstv\u00e9 okurky, mrkev, raj\u010data, papriky nebo sal\u00e1t. Nevhodn\u00e1 je naopak zelenina nad\u00fdmav\u00e1. Nekrmte ho tedy kedlubnami nebo kv\u011bt\u00e1kem. Opatrn\u00ed bu\u010fte i s \u0159edkvi\u010dkami.&#13; Jestli chcete dop\u0159\u00e1t mor\u010deti ovoce, nezkaz\u00edte nic jablkem a hru\u0161kami.&#13; Mor\u010data tak\u00e9 uv\u00edtaj\u00ed jako zpest\u0159en\u00ed j\u00eddeln\u00ed\u010dku \u010derstvou tr\u00e1vu. Dbejte na to, abyste nepodali zv\u00ed\u0159\u00e1tku tr\u00e1vu chemicky o\u0161et\u0159enou.&#13; M\u00e1te-li pocit, \u017ee sv\u00e9mu mazl\u00ed\u010dkovi chcete dop\u0159\u00e1t i n\u011bjak\u00fd ten pamlsek, zvolte su\u0161en\u00e9 ovoce, kter\u00e9 mor\u010data miluj\u00ed.&#13; Pamatujte p\u0159i krmen\u00ed na to, \u017ee \u017e\u00e1dn\u00e1 zv\u00ed\u0159ata se nemaj\u00ed p\u0159ekrmovat. Nepod\u00e1vejte jim ani pamlsky s obsahem cukru.                                                                                                                                                                                                                                                                                                                                                                                        4\/5 - (8 votes)        "},{"@context":"https:\/\/schema.org\/","@type":"BreadcrumbList","itemListElement":[{"@type":"ListItem","position":1,"name":"Krm\u00edte sv\u00e9 mor\u010de vhodn\u011b?","item":"https:\/\/www.comito.cz\/krmite-sve-morce-vhodne\/#breadcrumbitem"}]}]