{"@context":"https:\/\/schema.org\/","@type":"CollectionPage","@id":"https:\/\/www.comito.cz\/hobby\/#CollectionPage","headline":"Hobby Category","description":"","url":"https:\/\/www.comito.cz\/hobby\/","hasPart":[{"@type":"Article","@id":"https:\/\/www.comito.cz\/zahrada-v-dome\/","headline":"Zahrada v dom\u011b","url":"https:\/\/www.comito.cz\/zahrada-v-dome\/","datePublished":"2023-05-06","dateModified":"2023-05-06","mainEntityOfPage":"https:\/\/www.comito.cz\/zahrada-v-dome\/","author":{"@type":"Person","@id":"https:\/\/www.comito.cz\/author\/#Person","name":"","url":"https:\/\/www.comito.cz\/author\/","identifier":1,"image":{"@type":"ImageObject","@id":"https:\/\/secure.gravatar.com\/avatar\/f677d652d46d6437b40497bee38030612d53a3103b24904f519be33cae485306?s=96&d=mm&r=g","url":"https:\/\/secure.gravatar.com\/avatar\/f677d652d46d6437b40497bee38030612d53a3103b24904f519be33cae485306?s=96&d=mm&r=g","height":96,"width":96}},"publisher":{"@type":"Organization","name":"comito.cz","logo":{"@type":"ImageObject","@id":"\/logo.png","url":"\/logo.png","width":600,"height":60}},"image":{"@type":"ImageObject","@id":"https:\/\/www.comito.cz\/wp-content\/uploads\/img_a330129_w2677_t1542706847.jpg","url":"https:\/\/www.comito.cz\/wp-content\/uploads\/img_a330129_w2677_t1542706847.jpg","height":0,"width":0},"keywords":null},{"@type":"Article","@id":"https:\/\/www.comito.cz\/vodactvi-jako-sport-hobby-i-zivotni-styl\/","headline":"Vod\u00e1ctv\u00ed jako sport, hobby i \u017eivotn\u00ed styl","url":"https:\/\/www.comito.cz\/vodactvi-jako-sport-hobby-i-zivotni-styl\/","datePublished":"2019-06-17","dateModified":"2023-05-06","mainEntityOfPage":"https:\/\/www.comito.cz\/vodactvi-jako-sport-hobby-i-zivotni-styl\/","author":{"@type":"Person","@id":"https:\/\/www.comito.cz\/author\/#Person","name":"","url":"https:\/\/www.comito.cz\/author\/","identifier":1,"image":{"@type":"ImageObject","@id":"https:\/\/secure.gravatar.com\/avatar\/f677d652d46d6437b40497bee38030612d53a3103b24904f519be33cae485306?s=96&d=mm&r=g","url":"https:\/\/secure.gravatar.com\/avatar\/f677d652d46d6437b40497bee38030612d53a3103b24904f519be33cae485306?s=96&d=mm&r=g","height":96,"width":96}},"publisher":{"@type":"Organization","name":"comito.cz","logo":{"@type":"ImageObject","@id":"\/logo.png","url":"\/logo.png","width":600,"height":60}},"image":{"@type":"ImageObject","@id":"https:\/\/www.comito.cz\/wp-content\/uploads\/img_a346899_w2677_t1561208142.jpg","url":"https:\/\/www.comito.cz\/wp-content\/uploads\/img_a346899_w2677_t1561208142.jpg","height":0,"width":0},"keywords":null},{"@type":"Article","@id":"https:\/\/www.comito.cz\/jak-stehovat-tezsi-veci\/","headline":"Jak st\u011bhovat t\u011b\u017e\u0161\u00ed v\u011bci?","url":"https:\/\/www.comito.cz\/jak-stehovat-tezsi-veci\/","datePublished":"2019-01-22","dateModified":"2023-05-06","mainEntityOfPage":"https:\/\/www.comito.cz\/jak-stehovat-tezsi-veci\/","author":{"@type":"Person","@id":"https:\/\/www.comito.cz\/author\/#Person","name":"","url":"https:\/\/www.comito.cz\/author\/","identifier":1,"image":{"@type":"ImageObject","@id":"https:\/\/secure.gravatar.com\/avatar\/f677d652d46d6437b40497bee38030612d53a3103b24904f519be33cae485306?s=96&d=mm&r=g","url":"https:\/\/secure.gravatar.com\/avatar\/f677d652d46d6437b40497bee38030612d53a3103b24904f519be33cae485306?s=96&d=mm&r=g","height":96,"width":96}},"publisher":{"@type":"Organization","name":"comito.cz","logo":{"@type":"ImageObject","@id":"\/logo.png","url":"\/logo.png","width":600,"height":60}},"image":{"@type":"ImageObject","@id":"https:\/\/www.comito.cz\/wp-content\/uploads\/img_a335783_w2677_t1548954750.jpg","url":"https:\/\/www.comito.cz\/wp-content\/uploads\/img_a335783_w2677_t1548954750.jpg","height":0,"width":0},"keywords":null},{"@type":"Article","@id":"https:\/\/www.comito.cz\/darujte-zazitky-na-ktere-nejde-zapomenout\/","headline":"Darujte z\u00e1\u017eitky, na kter\u00e9 nejde zapomenout","url":"https:\/\/www.comito.cz\/darujte-zazitky-na-ktere-nejde-zapomenout\/","datePublished":"2018-10-06","dateModified":"2023-05-06","mainEntityOfPage":"https:\/\/www.comito.cz\/darujte-zazitky-na-ktere-nejde-zapomenout\/","author":{"@type":"Person","@id":"https:\/\/www.comito.cz\/author\/#Person","name":"","url":"https:\/\/www.comito.cz\/author\/","identifier":1,"image":{"@type":"ImageObject","@id":"https:\/\/secure.gravatar.com\/avatar\/f677d652d46d6437b40497bee38030612d53a3103b24904f519be33cae485306?s=96&d=mm&r=g","url":"https:\/\/secure.gravatar.com\/avatar\/f677d652d46d6437b40497bee38030612d53a3103b24904f519be33cae485306?s=96&d=mm&r=g","height":96,"width":96}},"publisher":{"@type":"Organization","name":"comito.cz","logo":{"@type":"ImageObject","@id":"\/logo.png","url":"\/logo.png","width":600,"height":60}},"image":{"@type":"ImageObject","@id":"https:\/\/www.comito.cz\/wp-content\/uploads\/img_a328657_w1743_t1540814395.jpg","url":"https:\/\/www.comito.cz\/wp-content\/uploads\/img_a328657_w1743_t1540814395.jpg","height":0,"width":0},"keywords":null},{"@type":"Article","@id":"https:\/\/www.comito.cz\/hlavne-nepodcenit-pripravu-na-prijimaci-zkousky\/","headline":"Hlavn\u011b nepodcenit p\u0159\u00edpravu na p\u0159ij\u00edmac\u00ed zkou\u0161ky","url":"https:\/\/www.comito.cz\/hlavne-nepodcenit-pripravu-na-prijimaci-zkousky\/","datePublished":"2018-08-15","dateModified":"2023-05-06","mainEntityOfPage":"https:\/\/www.comito.cz\/hlavne-nepodcenit-pripravu-na-prijimaci-zkousky\/","author":{"@type":"Person","@id":"https:\/\/www.comito.cz\/author\/#Person","name":"","url":"https:\/\/www.comito.cz\/author\/","identifier":1,"image":{"@type":"ImageObject","@id":"https:\/\/secure.gravatar.com\/avatar\/f677d652d46d6437b40497bee38030612d53a3103b24904f519be33cae485306?s=96&d=mm&r=g","url":"https:\/\/secure.gravatar.com\/avatar\/f677d652d46d6437b40497bee38030612d53a3103b24904f519be33cae485306?s=96&d=mm&r=g","height":96,"width":96}},"publisher":{"@type":"Organization","name":"comito.cz","logo":{"@type":"ImageObject","@id":"\/logo.png","url":"\/logo.png","width":600,"height":60}},"image":{"@type":"ImageObject","@id":"https:\/\/www.comito.cz\/wp-content\/uploads\/img_a322490_w2677_t1534151241.jpg","url":"https:\/\/www.comito.cz\/wp-content\/uploads\/img_a322490_w2677_t1534151241.jpg","height":0,"width":0},"keywords":null}]}