{"@context":"https:\/\/schema.org\/","@type":"CollectionPage","@id":"https:\/\/www.comito.cz\/ekonomika\/#CollectionPage","headline":"Ekonomika Category","description":"","url":"https:\/\/www.comito.cz\/ekonomika\/","hasPart":[{"@type":"Article","@id":"https:\/\/www.comito.cz\/nemate-dost-penez\/","headline":"Nem\u00e1te dost pen\u011bz?","url":"https:\/\/www.comito.cz\/nemate-dost-penez\/","datePublished":"2025-11-02","dateModified":"2025-11-02","mainEntityOfPage":"https:\/\/www.comito.cz\/nemate-dost-penez\/","author":{"@type":"Person","@id":"https:\/\/www.comito.cz\/author\/#Person","name":"","url":"https:\/\/www.comito.cz\/author\/","identifier":1,"image":{"@type":"ImageObject","@id":"https:\/\/secure.gravatar.com\/avatar\/f677d652d46d6437b40497bee38030612d53a3103b24904f519be33cae485306?s=96&d=mm&r=g","url":"https:\/\/secure.gravatar.com\/avatar\/f677d652d46d6437b40497bee38030612d53a3103b24904f519be33cae485306?s=96&d=mm&r=g","height":96,"width":96}},"publisher":{"@type":"Organization","name":"comito.cz","logo":{"@type":"ImageObject","@id":"\/logo.png","url":"\/logo.png","width":600,"height":60}},"image":{"@type":"ImageObject","@id":"https:\/\/www.comito.cz\/wp-content\/uploads\/p_10_10_10_10_10_10_10_3.jpg","url":"https:\/\/www.comito.cz\/wp-content\/uploads\/p_10_10_10_10_10_10_10_3.jpg","height":0,"width":0},"keywords":null},{"@type":"Article","@id":"https:\/\/www.comito.cz\/v-podnikani-byvaji-i-problemy\/","headline":"V podnik\u00e1n\u00ed b\u00fdvaj\u00ed i probl\u00e9my","url":"https:\/\/www.comito.cz\/v-podnikani-byvaji-i-problemy\/","datePublished":"2025-03-29","dateModified":"2025-03-29","mainEntityOfPage":"https:\/\/www.comito.cz\/v-podnikani-byvaji-i-problemy\/","author":{"@type":"Person","@id":"https:\/\/www.comito.cz\/author\/#Person","name":"","url":"https:\/\/www.comito.cz\/author\/","identifier":1,"image":{"@type":"ImageObject","@id":"https:\/\/secure.gravatar.com\/avatar\/f677d652d46d6437b40497bee38030612d53a3103b24904f519be33cae485306?s=96&d=mm&r=g","url":"https:\/\/secure.gravatar.com\/avatar\/f677d652d46d6437b40497bee38030612d53a3103b24904f519be33cae485306?s=96&d=mm&r=g","height":96,"width":96}},"publisher":{"@type":"Organization","name":"comito.cz","logo":{"@type":"ImageObject","@id":"\/logo.png","url":"\/logo.png","width":600,"height":60}},"image":{"@type":"ImageObject","@id":"https:\/\/www.comito.cz\/wp-content\/uploads\/pppppppppppppppppppppppppppppppppppppppppppppppppppppppppppppppppppppppp_4.jpg","url":"https:\/\/www.comito.cz\/wp-content\/uploads\/pppppppppppppppppppppppppppppppppppppppppppppppppppppppppppppppppppppppp_4.jpg","height":0,"width":0},"keywords":null},{"@type":"Article","@id":"https:\/\/www.comito.cz\/chile-nas-vzor\/","headline":"Chile \u2013 n\u00e1\u0161 vzor","url":"https:\/\/www.comito.cz\/chile-nas-vzor\/","datePublished":"2023-05-06","dateModified":"2023-05-06","mainEntityOfPage":"https:\/\/www.comito.cz\/chile-nas-vzor\/","author":{"@type":"Person","@id":"https:\/\/www.comito.cz\/author\/#Person","name":"","url":"https:\/\/www.comito.cz\/author\/","identifier":1,"image":{"@type":"ImageObject","@id":"https:\/\/secure.gravatar.com\/avatar\/f677d652d46d6437b40497bee38030612d53a3103b24904f519be33cae485306?s=96&d=mm&r=g","url":"https:\/\/secure.gravatar.com\/avatar\/f677d652d46d6437b40497bee38030612d53a3103b24904f519be33cae485306?s=96&d=mm&r=g","height":96,"width":96}},"publisher":{"@type":"Organization","name":"comito.cz","logo":{"@type":"ImageObject","@id":"\/logo.png","url":"\/logo.png","width":600,"height":60}},"image":{"@type":"ImageObject","@id":"https:\/\/www.comito.cz\/wp-content\/uploads\/img_a337140_w2677_t1550400653.jpg","url":"https:\/\/www.comito.cz\/wp-content\/uploads\/img_a337140_w2677_t1550400653.jpg","height":0,"width":0},"keywords":null},{"@type":"Article","@id":"https:\/\/www.comito.cz\/ekonomice-se-dari-ale-nezamestnanost-se-mirne-zvysuje\/","headline":"Ekonomice se da\u0159\u00ed, ale nezam\u011bstnanost se m\u00edrn\u011b zvy\u0161uje","url":"https:\/\/www.comito.cz\/ekonomice-se-dari-ale-nezamestnanost-se-mirne-zvysuje\/","datePublished":"2023-05-06","dateModified":"2023-05-06","mainEntityOfPage":"https:\/\/www.comito.cz\/ekonomice-se-dari-ale-nezamestnanost-se-mirne-zvysuje\/","author":{"@type":"Person","@id":"https:\/\/www.comito.cz\/author\/#Person","name":"","url":"https:\/\/www.comito.cz\/author\/","identifier":1,"image":{"@type":"ImageObject","@id":"https:\/\/secure.gravatar.com\/avatar\/f677d652d46d6437b40497bee38030612d53a3103b24904f519be33cae485306?s=96&d=mm&r=g","url":"https:\/\/secure.gravatar.com\/avatar\/f677d652d46d6437b40497bee38030612d53a3103b24904f519be33cae485306?s=96&d=mm&r=g","height":96,"width":96}},"publisher":{"@type":"Organization","name":"comito.cz","logo":{"@type":"ImageObject","@id":"\/logo.png","url":"\/logo.png","width":600,"height":60}},"image":{"@type":"ImageObject","@id":"https:\/\/www.comito.cz\/wp-content\/uploads\/img_a334279_w2677_t1547928231.jpg","url":"https:\/\/www.comito.cz\/wp-content\/uploads\/img_a334279_w2677_t1547928231.jpg","height":0,"width":0},"keywords":null},{"@type":"Article","@id":"https:\/\/www.comito.cz\/cim-se-lisi-nebankovni-hypoteky-od-tech-bankovnich\/","headline":"\u010c\u00edm se li\u0161\u00ed nebankovn\u00ed hypot\u00e9ky od t\u011bch bankovn\u00edch","url":"https:\/\/www.comito.cz\/cim-se-lisi-nebankovni-hypoteky-od-tech-bankovnich\/","datePublished":"2022-02-15","dateModified":"2023-05-06","mainEntityOfPage":"https:\/\/www.comito.cz\/cim-se-lisi-nebankovni-hypoteky-od-tech-bankovnich\/","author":{"@type":"Person","@id":"https:\/\/www.comito.cz\/author\/#Person","name":"","url":"https:\/\/www.comito.cz\/author\/","identifier":1,"image":{"@type":"ImageObject","@id":"https:\/\/secure.gravatar.com\/avatar\/f677d652d46d6437b40497bee38030612d53a3103b24904f519be33cae485306?s=96&d=mm&r=g","url":"https:\/\/secure.gravatar.com\/avatar\/f677d652d46d6437b40497bee38030612d53a3103b24904f519be33cae485306?s=96&d=mm&r=g","height":96,"width":96}},"publisher":{"@type":"Organization","name":"comito.cz","logo":{"@type":"ImageObject","@id":"\/logo.png","url":"\/logo.png","width":600,"height":60}},"image":{"@type":"ImageObject","@id":"https:\/\/www.comito.cz\/wp-content\/uploads\/exekuce4_10_2.jpg","url":"https:\/\/www.comito.cz\/wp-content\/uploads\/exekuce4_10_2.jpg","height":0,"width":0},"keywords":null},{"@type":"Article","@id":"https:\/\/www.comito.cz\/s-penezi-je-lidem-lip\/","headline":"S pen\u011bzi je lidem l\u00edp","url":"https:\/\/www.comito.cz\/s-penezi-je-lidem-lip\/","datePublished":"2021-12-31","dateModified":"2023-05-06","mainEntityOfPage":"https:\/\/www.comito.cz\/s-penezi-je-lidem-lip\/","author":{"@type":"Person","@id":"https:\/\/www.comito.cz\/author\/#Person","name":"","url":"https:\/\/www.comito.cz\/author\/","identifier":1,"image":{"@type":"ImageObject","@id":"https:\/\/secure.gravatar.com\/avatar\/f677d652d46d6437b40497bee38030612d53a3103b24904f519be33cae485306?s=96&d=mm&r=g","url":"https:\/\/secure.gravatar.com\/avatar\/f677d652d46d6437b40497bee38030612d53a3103b24904f519be33cae485306?s=96&d=mm&r=g","height":96,"width":96}},"publisher":{"@type":"Organization","name":"comito.cz","logo":{"@type":"ImageObject","@id":"\/logo.png","url":"\/logo.png","width":600,"height":60}},"image":{"@type":"ImageObject","@id":"https:\/\/www.comito.cz\/wp-content\/uploads\/mince%20EU_10_10_10_6.jpg","url":"https:\/\/www.comito.cz\/wp-content\/uploads\/mince%20EU_10_10_10_6.jpg","height":0,"width":0},"keywords":null},{"@type":"Article","@id":"https:\/\/www.comito.cz\/kde-by-byl-svet-bez-penez\/","headline":"Kde by byl sv\u011bt bez pen\u011bz?","url":"https:\/\/www.comito.cz\/kde-by-byl-svet-bez-penez\/","datePublished":"2021-03-19","dateModified":"2023-05-06","mainEntityOfPage":"https:\/\/www.comito.cz\/kde-by-byl-svet-bez-penez\/","author":{"@type":"Person","@id":"https:\/\/www.comito.cz\/author\/#Person","name":"","url":"https:\/\/www.comito.cz\/author\/","identifier":1,"image":{"@type":"ImageObject","@id":"https:\/\/secure.gravatar.com\/avatar\/f677d652d46d6437b40497bee38030612d53a3103b24904f519be33cae485306?s=96&d=mm&r=g","url":"https:\/\/secure.gravatar.com\/avatar\/f677d652d46d6437b40497bee38030612d53a3103b24904f519be33cae485306?s=96&d=mm&r=g","height":96,"width":96}},"publisher":{"@type":"Organization","name":"comito.cz","logo":{"@type":"ImageObject","@id":"\/logo.png","url":"\/logo.png","width":600,"height":60}},"image":{"@type":"ImageObject","@id":"https:\/\/www.comito.cz\/wp-content\/uploads\/pen%C3%ADze%20v%20pen%C4%9B%C5%BEence_4.jpg","url":"https:\/\/www.comito.cz\/wp-content\/uploads\/pen%C3%ADze%20v%20pen%C4%9B%C5%BEence_4.jpg","height":0,"width":0},"keywords":null},{"@type":"Article","@id":"https:\/\/www.comito.cz\/kdy-je-ten-spravny-cas-na-hypoteku\/","headline":"Kdy je ten spr\u00e1vn\u00fd \u010das na hypot\u00e9ku?","url":"https:\/\/www.comito.cz\/kdy-je-ten-spravny-cas-na-hypoteku\/","datePublished":"2021-02-19","dateModified":"2021-02-19","mainEntityOfPage":"https:\/\/www.comito.cz\/kdy-je-ten-spravny-cas-na-hypoteku\/","author":{"@type":"Person","@id":"https:\/\/www.comito.cz\/author\/#Person","name":"","url":"https:\/\/www.comito.cz\/author\/","identifier":1,"image":{"@type":"ImageObject","@id":"https:\/\/secure.gravatar.com\/avatar\/f677d652d46d6437b40497bee38030612d53a3103b24904f519be33cae485306?s=96&d=mm&r=g","url":"https:\/\/secure.gravatar.com\/avatar\/f677d652d46d6437b40497bee38030612d53a3103b24904f519be33cae485306?s=96&d=mm&r=g","height":96,"width":96}},"publisher":{"@type":"Organization","name":"comito.cz","logo":{"@type":"ImageObject","@id":"\/logo.png","url":"\/logo.png","width":600,"height":60}},"image":{"@type":"ImageObject","@id":"https:\/\/www.comito.cz\/wp-content\/uploads\/puzzle%20d%C5%AFm_9.jpg","url":"https:\/\/www.comito.cz\/wp-content\/uploads\/puzzle%20d%C5%AFm_9.jpg","height":0,"width":0},"keywords":null},{"@type":"Article","@id":"https:\/\/www.comito.cz\/resite-financni-komplikace\/","headline":"\u0158e\u0161\u00edte finan\u010dn\u00ed komplikace?","url":"https:\/\/www.comito.cz\/resite-financni-komplikace\/","datePublished":"2020-03-17","dateModified":"2023-05-06","mainEntityOfPage":"https:\/\/www.comito.cz\/resite-financni-komplikace\/","author":{"@type":"Person","@id":"https:\/\/www.comito.cz\/author\/#Person","name":"","url":"https:\/\/www.comito.cz\/author\/","identifier":1,"image":{"@type":"ImageObject","@id":"https:\/\/secure.gravatar.com\/avatar\/f677d652d46d6437b40497bee38030612d53a3103b24904f519be33cae485306?s=96&d=mm&r=g","url":"https:\/\/secure.gravatar.com\/avatar\/f677d652d46d6437b40497bee38030612d53a3103b24904f519be33cae485306?s=96&d=mm&r=g","height":96,"width":96}},"publisher":{"@type":"Organization","name":"comito.cz","logo":{"@type":"ImageObject","@id":"\/logo.png","url":"\/logo.png","width":600,"height":60}},"image":{"@type":"ImageObject","@id":"https:\/\/www.comito.cz\/wp-content\/uploads\/coin-1549075_640_1.jpg","url":"https:\/\/www.comito.cz\/wp-content\/uploads\/coin-1549075_640_1.jpg","height":0,"width":0},"keywords":null},{"@type":"Article","@id":"https:\/\/www.comito.cz\/znate-americkou-nebankovni-hypoteku\/","headline":"Zn\u00e1te americkou nebankovn\u00ed hypot\u00e9ku?","url":"https:\/\/www.comito.cz\/znate-americkou-nebankovni-hypoteku\/","datePublished":"2019-09-10","dateModified":"2023-05-06","mainEntityOfPage":"https:\/\/www.comito.cz\/znate-americkou-nebankovni-hypoteku\/","author":{"@type":"Person","@id":"https:\/\/www.comito.cz\/author\/#Person","name":"","url":"https:\/\/www.comito.cz\/author\/","identifier":1,"image":{"@type":"ImageObject","@id":"https:\/\/secure.gravatar.com\/avatar\/f677d652d46d6437b40497bee38030612d53a3103b24904f519be33cae485306?s=96&d=mm&r=g","url":"https:\/\/secure.gravatar.com\/avatar\/f677d652d46d6437b40497bee38030612d53a3103b24904f519be33cae485306?s=96&d=mm&r=g","height":96,"width":96}},"publisher":{"@type":"Organization","name":"comito.cz","logo":{"@type":"ImageObject","@id":"\/logo.png","url":"\/logo.png","width":600,"height":60}},"image":{"@type":"ImageObject","@id":"https:\/\/www.comito.cz\/wp-content\/uploads\/img_a343833_w1744_t1557213238.jpg","url":"https:\/\/www.comito.cz\/wp-content\/uploads\/img_a343833_w1744_t1557213238.jpg","height":0,"width":0},"keywords":null}]}