[{"@context":"https:\/\/schema.org\/","@type":"Article","@id":"https:\/\/www.comito.cz\/chile-nas-vzor\/#Article","mainEntityOfPage":"https:\/\/www.comito.cz\/chile-nas-vzor\/","headline":"Chile \u2013 n\u00e1\u0161 vzor","name":"Chile \u2013 n\u00e1\u0161 vzor","description":"Tento p\u00e1n, p\u0159edn\u00e1\u0161ej\u00edc\u00ed na Vysok\u00e9 \u0161kole ekonomick\u00e9 a dlouhodob\u011b se zab\u00fdvaj\u00edc\u00ed chilsk\u00fdm penzijn\u00edm syst\u00e9mem, se nechal v&nbsp;\u010desk\u00e9m internetov\u00e9m zpravodajstv\u00ed sly\u0161et,&hellip;","datePublished":"2023-05-06","dateModified":"2023-05-06","author":{"@type":"Person","@id":"https:\/\/www.comito.cz\/author\/#Person","name":"","url":"https:\/\/www.comito.cz\/author\/","identifier":1,"image":{"@type":"ImageObject","@id":"https:\/\/secure.gravatar.com\/avatar\/f677d652d46d6437b40497bee38030612d53a3103b24904f519be33cae485306?s=96&d=mm&r=g","url":"https:\/\/secure.gravatar.com\/avatar\/f677d652d46d6437b40497bee38030612d53a3103b24904f519be33cae485306?s=96&d=mm&r=g","height":96,"width":96}},"publisher":{"@type":"Organization","name":"comito.cz","logo":{"@type":"ImageObject","@id":"\/logo.png","url":"\/logo.png","width":600,"height":60}},"image":{"@type":"ImageObject","@id":"https:\/\/www.comito.cz\/wp-content\/uploads\/img_a337140_w2677_t1550400653.jpg","url":"https:\/\/www.comito.cz\/wp-content\/uploads\/img_a337140_w2677_t1550400653.jpg","height":0,"width":0},"url":"https:\/\/www.comito.cz\/chile-nas-vzor\/","about":["Ekonomika"],"wordCount":616,"articleBody":"\tTento p\u00e1n, p\u0159edn\u00e1\u0161ej\u00edc\u00ed na Vysok\u00e9 \u0161kole ekonomick\u00e9 a dlouhodob\u011b se zab\u00fdvaj\u00edc\u00ed chilsk\u00fdm penzijn\u00edm syst\u00e9mem, se nechal v&nbsp;\u010desk\u00e9m internetov\u00e9m zpravodajstv\u00ed sly\u0161et, jak by se u n\u00e1s m\u011bl penzijn\u00ed syst\u00e9m reformovat. Proto\u017ee i do toho na\u0161eho fu\u0161uje.\t\tTento p\u00e1n chv\u00e1l\u00ed chilsk\u00fd syst\u00e9m. Tedy to, \u017ee si tam ka\u017ed\u00fd \u0161et\u0159\u00ed na sv\u016fj vlastn\u00ed \u00fa\u010det, ze kter\u00e9ho ve st\u00e1\u0159\u00ed zvolen\u00fdm zp\u016fsobem sv\u00e9 pen\u00edze \u010derp\u00e1. S&nbsp;t\u00edm, \u017ee ti, kdo si nena\u0161et\u0159\u00ed dost, respektive ti, kdo v&nbsp;souladu se z\u00e1konem takto \u0161et\u0159it nemus\u00ed, dost\u00e1vaj\u00ed zaru\u010den\u011b minim\u00e1ln\u00ed penzi, i kdy\u017e se o ni nezaslou\u017eili, respektive dost\u00e1vaj\u00ed \u010d\u00e1ste\u010dn\u00fd doplatek mezi t\u00edm, na co si vyd\u011blali, a t\u00edm, co by m\u011bli zaru\u010den\u011b dost\u00e1vat.\t\tTamn\u00ed syst\u00e9m pr\u00fd ale u n\u00e1s zav\u00e9st nelze, proto\u017ee sice nevede k&nbsp;\u017e\u00e1dn\u00fdm dluh\u016fm v&nbsp;budoucnu, ale jeho zav\u00e1d\u011bn\u00ed je velice drah\u00e9. Proto\u017ee by si p\u0159i p\u0159echodu na tento syst\u00e9m lid\u00e9 \u0161et\u0159ili na svou vlastn\u00ed budouc\u00ed existenci sami, z\u00e1rove\u0148 by ale museli z&nbsp;dan\u00ed \u017eivit i d\u016fchodce dne\u0161n\u00ed, podle dosavadn\u00edho modelu.\tOv\u0161em pan Brabec vymyslel &bdquo;geni\u00e1ln\u00ed&ldquo; \u0159e\u0161en\u00ed.\tReforma \u010desk\u00fdch d\u016fchod\u016f by se podle n\u011bj m\u011bla zam\u011b\u0159it hlavn\u011b na vy\u0161\u0161\u00ed st\u0159edn\u00ed t\u0159\u00eddu. Pouze lid\u00e9 z&nbsp;t\u00e9to, tedy &bdquo;jen ti bohat\u0161\u00ed&ldquo;, by si pr\u00fd m\u011bli povinn\u011b spo\u0159it i v&nbsp;jak\u00e9msi druh\u00e9m pil\u00ed\u0159i.\tZat\u00edmco lid\u00e9 chud\u00ed \u010di ti z ni\u017e\u0161\u00ed st\u0159edn\u00ed t\u0159\u00eddy toti\u017e dost\u00e1vaj\u00ed relativn\u011b p\u0159\u00edznivou penzi v&nbsp;pom\u011bru k posledn\u00ed mzd\u011b, proto\u017ee n\u00e1\u0161 syst\u00e9m je hodn\u011b solid\u00e1rn\u00ed, vy\u0161\u0161\u00ed st\u0159edn\u00ed t\u0159\u00edda nedosahuje takov\u00fdch n\u00e1hradov\u00fdch pom\u011br\u016f, jak\u00e9 by asi o\u010dek\u00e1vala. A tak lid\u00e9 z&nbsp;vy\u0161\u0161\u00ed st\u0159edn\u00ed t\u0159\u00eddy trp\u00ed, kdy\u017e dostanou navzdory vy\u0161\u0161\u00edm odvod\u016fm daleko ni\u017e\u0161\u00ed penzi v&nbsp;pom\u011bru ke sv\u00fdm dosavadn\u00edm v\u00fdd\u011blk\u016fm. \tN\u00e1\u0161 sou\u010dasn\u00fd pr\u016fb\u011b\u017en\u00fd syst\u00e9m nezaji\u0161\u0165uje vy\u0161\u0161\u00ed st\u0159edn\u00ed t\u0159\u00edd\u011b penzi, kterou si tito lid\u00e9 p\u0159edstavuj\u00ed. A proto by se m\u011blo ud\u011blat politick\u00e9 rozhodnut\u00ed, je\u017e by garantovalo, \u017ee ka\u017ed\u00fd dostane d\u016fchod t\u0159eba ve v\u00fd\u0161i 60 % platu. A komu by to p\u0159i sou\u010dasn\u00e9m stavu v\u011bc\u00ed nevych\u00e1zelo, proto\u017ee vyd\u011bl\u00e1v\u00e1 o dost v\u00edc, ne\u017e jak\u00fd d\u016fchod mu bude vypo\u010d\u00edt\u00e1n, ten by musel je\u0161t\u011b povinn\u011b platit do n\u011bjak\u00e9ho druh\u00e9ho pil\u00ed\u0159e. Nebo platit v\u00edc do existuj\u00edc\u00edho pil\u00ed\u0159e t\u0159et\u00edho.\t\tChud\u0161\u00ed lid\u00e9 by tak vysta\u010dili se sou\u010dasn\u00fdm penzijn\u00edm syst\u00e9mem, ale ti bohat\u0161\u00ed, t\u0159eba ti, kdo berou v\u00edc ne\u017e pr\u016fm\u011brnou mzdu, by si museli povinn\u011b pos\u00edlat dal\u0161\u00ed procenta z&nbsp;v\u00fdd\u011blk\u016f na sv\u016fj \u00fa\u010det. Odkud by si je v&nbsp;d\u016fchodu vybrali.\tS&nbsp;\u010d\u00edm\u017e absolutn\u011b nesouhlas\u00edm. Pro\u010d by m\u011bli b\u00fdt l\u00e9pe vyd\u011bl\u00e1vaj\u00edc\u00ed lid\u00e9 trest\u00e1ni povinn\u00fdm p\u0159isp\u00edv\u00e1n\u00edm do vlastn\u00edch d\u016fchodov\u00fdch fond\u016f, aby m\u011bli ve st\u00e1\u0159\u00ed v\u00edc pen\u011bz ne\u017e ti chud\u0161\u00ed, kte\u0159\u00ed toho z\u016fstanou u\u0161et\u0159eni? Jen s&nbsp;vyhl\u00eddkou na to, \u017ee sv\u00e9 pen\u00edze ve st\u00e1\u0159\u00ed (mo\u017en\u00e1) dostanou zp\u011bt a budou tak m\u00edt lep\u0161\u00ed penzi.\t&nbsp;                                                                                                                                                                                                                                                                                                                                                                                        3.4\/5 - (9 votes)        "},{"@context":"https:\/\/schema.org\/","@type":"BreadcrumbList","itemListElement":[{"@type":"ListItem","position":1,"name":"Chile \u2013 n\u00e1\u0161 vzor","item":"https:\/\/www.comito.cz\/chile-nas-vzor\/#breadcrumbitem"}]}]